{"id":9618,"date":"2016-11-19T21:31:01","date_gmt":"2016-11-19T20:31:01","guid":{"rendered":"http:\/\/fundacjaoda.pl\/?p=9618"},"modified":"2017-11-02T09:41:23","modified_gmt":"2017-11-02T08:41:23","slug":"podroz-dookola-swiata-nowa-zelandia-i-australia","status":"publish","type":"post","link":"http:\/\/fundacjaoda.pl\/?p=9618","title":{"rendered":"Podr\u00f3\u017c dooko\u0142a \u015bwiata &#8211; cz\u0119\u015b\u0107 VI &#8211; Nowa Zelandia i Australia"},"content":{"rendered":"<p><a href=\"http:\/\/fundacjaoda.pl\/wp-content\/uploads\/2016\/11\/Wolomin.jpg\"><img loading=\"lazy\" src=\"http:\/\/fundacjaoda.pl\/wp-content\/uploads\/2016\/11\/Wolomin.jpg\" alt=\"wolomin\" style=\"margin-right: 10px;\" width=\"25%\" height=\"25%\" class=\"alignnone size-full wp-image-9630\" align=\"left\" srcset=\"http:\/\/fundacjaoda.pl\/wp-content\/uploads\/2016\/11\/Wolomin.jpg 464w, http:\/\/fundacjaoda.pl\/wp-content\/uploads\/2016\/11\/Wolomin-150x112.jpg 150w\" sizes=\"(max-width: 464px) 100vw, 464px\" \/><\/a><a href=\"http:\/\/fundacjaoda.pl\/wp-content\/uploads\/2016\/11\/Z_-FB_Australia-Nowa-Zelandia.jpg\"><img loading=\"lazy\" src=\"http:\/\/fundacjaoda.pl\/wp-content\/uploads\/2016\/11\/Z_-FB_Australia-Nowa-Zelandia-1000x953.jpg\" alt=\"z_-fb_australia-nowa-zelandia\"style=\"margin-left: 10px;\"  width=\"25%\" height=\"25%\" class=\"alignnone size-medium wp-image-9624\" align=\"right\" srcset=\"http:\/\/fundacjaoda.pl\/wp-content\/uploads\/2016\/11\/Z_-FB_Australia-Nowa-Zelandia-1000x953.jpg 1000w, http:\/\/fundacjaoda.pl\/wp-content\/uploads\/2016\/11\/Z_-FB_Australia-Nowa-Zelandia-1024x976.jpg 1024w, http:\/\/fundacjaoda.pl\/wp-content\/uploads\/2016\/11\/Z_-FB_Australia-Nowa-Zelandia-150x143.jpg 150w\" sizes=\"(max-width: 1000px) 100vw, 1000px\" \/><\/a>W najbli\u017cszy pi\u0105tek w Izbie Muzealnej Wodiczk\u00f3w, w ramach cyklu &#8222;Podr\u00f3\u017ce Wo\u0142ominiak\u00f3w&#8221;, odb\u0119dzie si\u0119 kolejne spotkanie z&nbsp;pa\u0144stwem Gra\u017cyn\u0105 i Markiem \u0141adomirskimi. B\u0119dzie to spotkanie na temat ostatniego etapu ich podr\u00f3\u017cy dooko\u0142a \u015bwiata \u2013 Nowej Zelandii i Australii. Na antypodach sp\u0119dzili ostatnie miesi\u0105ce swojej podr\u00f3\u017cy \u2013 od kwietnia do wrze\u015bnia 2015 r. Przylecieli do Nowej Zelandii z Bangkoku. Zwiedzili obie jej wyspy \u2013 P\u00f3\u0142nocn\u0105, przyci\u0105gaj\u0105c\u0105 turyst\u00f3w ciep\u0142ymi \u017ar\u00f3d\u0142ami i gejzerami \u2013 oraz Po\u0142udniow\u0105, kt\u00f3rej krajobrazy rozs\u0142awi\u0142 Peter Jackson filmowej wersji \u201eW\u0142adcy Pier\u015bcieni\u201d. Opowiedz\u0105 o Nale\u015bnikowych Ska\u0142ach, kulach skalnych zanurzonych w morzu, lodowcach w Parku Narodowym Aoraki. Z kraju kiwi przenios\u0105 nas do kraju koali i kangur\u00f3w, G\u00f3ry Ko\u015bciuszki, zoo Steve&#8217;a Irwinga, a nawet Woolomina i pi\u0119knych wybrze\u017cy Australii. <\/p>\n<p><a href=\"http:\/\/fundacjaoda.pl\/wp-content\/uploads\/2016\/10\/Wolomin_sepia-na-dole.jpg\"><img loading=\"lazy\" src=\"http:\/\/fundacjaoda.pl\/wp-content\/uploads\/2016\/10\/Wolomin_sepia-na-dole.jpg\" alt=\"wolomin_sepia-na-dole\" style=\"margin-left: 10px;\" width=\"5%\" height=\"5%\" class=\"alignnone size-full wp-image-9053\" align=\"right\"\/><\/a>Wydarzenie jest cz\u0119\u015bci\u0105 projektu realizowanego przez Fundacj\u0119 ODA pt. \u201eProwadzenie dzia\u0142a\u0144 wspieraj\u0105cych edukacj\u0119 kulturaln\u0105 oraz popularyzacj\u0119 dziedzictwa historycznego Wo\u0142omina\u201d wspieranego przez Urz\u0105d Miejski w Wo\u0142ominie.<\/p>\n<p>Serdecznie zapraszamy w pi\u0105tek, 25 listopada o godz. 19:00. <strong><a href=\"http:\/\/fundacjaoda.pl\/?page_id=70 #australia2016\">Relacja<\/a><\/strong><\/p>\n<p><em>Dodano 19.11.2016 r.<\/em><\/p>\n","protected":false},"excerpt":{"rendered":"<p>W najbli\u017cszy pi\u0105tek w Izbie Muzealnej Wodiczk\u00f3w, w ramach cyklu &#8222;Podr\u00f3\u017ce Wo\u0142ominiak\u00f3w&#8221;, odb\u0119dzie si\u0119 kolejne spotkanie z&nbsp;pa\u0144stwem Gra\u017cyn\u0105 i Markiem \u0141adomirskimi. B\u0119dzie to spotkanie na temat ostatniego etapu ich podr\u00f3\u017cy dooko\u0142a \u015bwiata \u2013 Nowej Zelandii i Australii. Na antypodach sp\u0119dzili ostatnie miesi\u0105ce swojej podr\u00f3\u017cy \u2013 od kwietnia do wrze\u015bnia 2015 \u2026 <a href=\"http:\/\/fundacjaoda.pl\/?p=9618\"> Continue reading <span class=\"meta-nav\">&rarr; <\/span><\/a><\/p>\n","protected":false},"author":1,"featured_media":0,"comment_status":"closed","ping_status":"closed","sticky":false,"template":"","format":"standard","meta":[],"categories":[6,22,20,5],"tags":[],"_links":{"self":[{"href":"http:\/\/fundacjaoda.pl\/index.php?rest_route=\/wp\/v2\/posts\/9618"}],"collection":[{"href":"http:\/\/fundacjaoda.pl\/index.php?rest_route=\/wp\/v2\/posts"}],"about":[{"href":"http:\/\/fundacjaoda.pl\/index.php?rest_route=\/wp\/v2\/types\/post"}],"author":[{"embeddable":true,"href":"http:\/\/fundacjaoda.pl\/index.php?rest_route=\/wp\/v2\/users\/1"}],"replies":[{"embeddable":true,"href":"http:\/\/fundacjaoda.pl\/index.php?rest_route=%2Fwp%2Fv2%2Fcomments&post=9618"}],"version-history":[{"count":16,"href":"http:\/\/fundacjaoda.pl\/index.php?rest_route=\/wp\/v2\/posts\/9618\/revisions"}],"predecessor-version":[{"id":12540,"href":"http:\/\/fundacjaoda.pl\/index.php?rest_route=\/wp\/v2\/posts\/9618\/revisions\/12540"}],"wp:attachment":[{"href":"http:\/\/fundacjaoda.pl\/index.php?rest_route=%2Fwp%2Fv2%2Fmedia&parent=9618"}],"wp:term":[{"taxonomy":"category","embeddable":true,"href":"http:\/\/fundacjaoda.pl\/index.php?rest_route=%2Fwp%2Fv2%2Fcategories&post=9618"},{"taxonomy":"post_tag","embeddable":true,"href":"http:\/\/fundacjaoda.pl\/index.php?rest_route=%2Fwp%2Fv2%2Ftags&post=9618"}],"curies":[{"name":"wp","href":"https:\/\/api.w.org\/{rel}","templated":true}]}}