{"id":8854,"date":"2016-09-14T11:08:43","date_gmt":"2016-09-14T09:08:43","guid":{"rendered":"http:\/\/fundacjaoda.pl\/?p=8854"},"modified":"2017-11-02T09:42:57","modified_gmt":"2017-11-02T08:42:57","slug":"podroze-wolominiakow-izrael-2","status":"publish","type":"post","link":"http:\/\/fundacjaoda.pl\/?p=8854","title":{"rendered":"Podr\u00f3\u017ce Wo\u0142ominiak\u00f3w &#8211; Izrael"},"content":{"rendered":"<p><a href=\"http:\/\/fundacjaoda.pl\/wp-content\/uploads\/2016\/09\/Iwona-i-Marek.jpg\"><img loading=\"lazy\" src=\"http:\/\/fundacjaoda.pl\/wp-content\/uploads\/2016\/09\/Iwona-i-Marek.jpg\" alt=\"iwona-i-marek\" style=\"margin-right: 10px;\" width=\"25%\" height=\"25%\" class=\"alignnone size-full wp-image-8794\" align=\"left\" srcset=\"http:\/\/fundacjaoda.pl\/wp-content\/uploads\/2016\/09\/Iwona-i-Marek.jpg 685w, http:\/\/fundacjaoda.pl\/wp-content\/uploads\/2016\/09\/Iwona-i-Marek-150x120.jpg 150w\" sizes=\"(max-width: 685px) 100vw, 685px\" \/><\/a><a href=\"http:\/\/fundacjaoda.pl\/wp-content\/uploads\/2016\/09\/Izrael.jpg\"><img loading=\"lazy\" src=\"http:\/\/fundacjaoda.pl\/wp-content\/uploads\/2016\/09\/Izrael-1000x950.jpg\" alt=\"izrael\" style=\"margin-left: 10px;\" width=\"20%\" height=\"20%\" class=\"alignnone size-medium wp-image-8862\" align=\"right\" srcset=\"http:\/\/fundacjaoda.pl\/wp-content\/uploads\/2016\/09\/Izrael-1000x950.jpg 1000w, http:\/\/fundacjaoda.pl\/wp-content\/uploads\/2016\/09\/Izrael-1024x973.jpg 1024w, http:\/\/fundacjaoda.pl\/wp-content\/uploads\/2016\/09\/Izrael-150x142.jpg 150w\" sizes=\"(max-width: 1000px) 100vw, 1000px\" \/><\/a>W ostatnim dniu wrze\u015bnia w Izbie Muzealnej rodziny Wodiczk\u00f3w odb\u0119dzie si\u0119 kolejne spotkanie z cyklu \u201ePodr\u00f3\u017ce Wo\u0142ominiak\u00f3w\u201d. Tym razem swoimi wra\u017ceniami z podr\u00f3\u017cy podziel\u0105 si\u0119 pa\u0144stwo Iwona i Marek Red\u0142owscy. Chocia\u017c obecnie mieszkaj\u0105 w Koby\u0142ce, oboje pochodz\u0105 z Wo\u0142omina, tu uko\u0144czyli w tym samym roku Liceum Og\u00f3lnokszta\u0142c\u0105ce im. Wac\u0142awa Na\u0142kowskiego. Podr\u00f3\u017ce stanowi\u0105 doskona\u0142\u0105 odskoczni\u0119 i relaks od ich spraw zawodowych \u2013 pani Iwona pracuje jako nauczyciel j\u0119zyka angielskiego w&nbsp;Zespole Szk\u00f3\u0142 Publicznych nr 2 w Koby\u0142ce, a pan Marek jest masa\u017cyst\u0105. Cz\u0119sto te\u017c fotografuje wydarzenia w Izbie Wodiczk\u00f3w. Pa\u0144stwo Red\u0142owscy do tej pory zwiedzili, razem lub osobno, wiele kraj\u00f3w Europu \u2013 Czechy, S\u0142owacj\u0119, Bu\u0142gari\u0119, Szwecj\u0119, W\u0119gry, Rumuni\u0119, Dani\u0119, Angli\u0119 i Szkocj\u0119, Irlandi\u0119, Hiszpani\u0119, Francj\u0119 oraz, z&nbsp;tych dalszych, Maroko i Kub\u0119. Staraj\u0105 si\u0119 nie korzysta\u0107 z&nbsp;ofert biur podr\u00f3\u017cy i stawiaj\u0105 na bezpo\u015bredni kontakt z mieszka\u0144cami odwiedzanych przez siebie pa\u0144stw. Do swoich podr\u00f3\u017cy przygotowuj\u0119 si\u0119 niezwykle starannie. Tak te\u017c przygotowali swoj\u0105 ostatni\u0105 podr\u00f3\u017c, kt\u00f3r\u0105 odbyli w lutym tego roku do Izraela.<\/p>\n<p><a href=\"http:\/\/fundacjaoda.pl\/wp-content\/uploads\/2016\/10\/Wolomin_sepia-na-dole.jpg\"><img loading=\"lazy\" src=\"http:\/\/fundacjaoda.pl\/wp-content\/uploads\/2016\/10\/Wolomin_sepia-na-dole.jpg\" alt=\"wolomin_sepia-na-dole\" style=\"margin-left: 10px;\"  width=\"5%\" height=\"5%\"  class=\"alignnone size-full wp-image-9053\" align=\"right\"\/><\/a>Wydarzenie jest cz\u0119\u015bci\u0105 projektu realizowanego przez Fundacj\u0119 ODA  pt. \u201eProwadzenie dzia\u0142a\u0144 wspieraj\u0105cych edukacj\u0119 kulturaln\u0105 oraz popularyzacj\u0119 dziedzictwa historycznego Wo\u0142omina\u201d wspieranego przez Urz\u0105d Miejski w Wo\u0142ominie. <\/p>\n<p>Serdecznie zapraszamy na spotkanie w pi\u0105tek 30 wrze\u015bnia o godzinie 19:00. <strong><a href=\"http:\/\/fundacjaoda.pl\/?page_id=70 #izrael2016\">Relacja<\/a><\/strong><\/p>\n<p><em>Dodano 14.09.2016 r.<\/em><\/p>\n","protected":false},"excerpt":{"rendered":"<p>W ostatnim dniu wrze\u015bnia w Izbie Muzealnej rodziny Wodiczk\u00f3w odb\u0119dzie si\u0119 kolejne spotkanie z cyklu \u201ePodr\u00f3\u017ce Wo\u0142ominiak\u00f3w\u201d. Tym razem swoimi wra\u017ceniami z podr\u00f3\u017cy podziel\u0105 si\u0119 pa\u0144stwo Iwona i Marek Red\u0142owscy. Chocia\u017c obecnie mieszkaj\u0105 w Koby\u0142ce, oboje pochodz\u0105 z Wo\u0142omina, tu uko\u0144czyli w tym samym roku Liceum Og\u00f3lnokszta\u0142c\u0105ce im. Wac\u0142awa Na\u0142kowskiego. \u2026 <a href=\"http:\/\/fundacjaoda.pl\/?p=8854\"> Continue reading <span class=\"meta-nav\">&rarr; <\/span><\/a><\/p>\n","protected":false},"author":1,"featured_media":0,"comment_status":"closed","ping_status":"closed","sticky":false,"template":"","format":"standard","meta":[],"categories":[6,22,20,5],"tags":[],"_links":{"self":[{"href":"http:\/\/fundacjaoda.pl\/index.php?rest_route=\/wp\/v2\/posts\/8854"}],"collection":[{"href":"http:\/\/fundacjaoda.pl\/index.php?rest_route=\/wp\/v2\/posts"}],"about":[{"href":"http:\/\/fundacjaoda.pl\/index.php?rest_route=\/wp\/v2\/types\/post"}],"author":[{"embeddable":true,"href":"http:\/\/fundacjaoda.pl\/index.php?rest_route=\/wp\/v2\/users\/1"}],"replies":[{"embeddable":true,"href":"http:\/\/fundacjaoda.pl\/index.php?rest_route=%2Fwp%2Fv2%2Fcomments&post=8854"}],"version-history":[{"count":8,"href":"http:\/\/fundacjaoda.pl\/index.php?rest_route=\/wp\/v2\/posts\/8854\/revisions"}],"predecessor-version":[{"id":12542,"href":"http:\/\/fundacjaoda.pl\/index.php?rest_route=\/wp\/v2\/posts\/8854\/revisions\/12542"}],"wp:attachment":[{"href":"http:\/\/fundacjaoda.pl\/index.php?rest_route=%2Fwp%2Fv2%2Fmedia&parent=8854"}],"wp:term":[{"taxonomy":"category","embeddable":true,"href":"http:\/\/fundacjaoda.pl\/index.php?rest_route=%2Fwp%2Fv2%2Fcategories&post=8854"},{"taxonomy":"post_tag","embeddable":true,"href":"http:\/\/fundacjaoda.pl\/index.php?rest_route=%2Fwp%2Fv2%2Ftags&post=8854"}],"curies":[{"name":"wp","href":"https:\/\/api.w.org\/{rel}","templated":true}]}}