{"id":7677,"date":"2016-05-05T21:57:39","date_gmt":"2016-05-05T19:57:39","guid":{"rendered":"http:\/\/fundacjaoda.pl\/?p=7677"},"modified":"2017-10-31T18:19:29","modified_gmt":"2017-10-31T17:19:29","slug":"dni-wolomina-10-15-maja-2016","status":"publish","type":"post","link":"http:\/\/fundacjaoda.pl\/?p=7677","title":{"rendered":"Dni Wo\u0142omina 10-15 maja 2016"},"content":{"rendered":"<p>W ramach Dni Wo\u0142omina zapraszamy na nast\u0119puj\u0105ce wydarzenia zwi\u0105zane z Izb\u0105 Muzealn\u0105 Wodizk\u00f3w. Wydarzenia te realizowane b\u0119d\u0105 w&nbsp;ramach projektu pt. \u201e<em>Prowadzenie dzia\u0142a\u0144 wspieraj\u0105cych edukacj\u0119 kulturaln\u0105 oraz popularyzacj\u0119 dziedzictwa historycznego Wo\u0142omina<\/em>\u201d, finansowanego przez Urz\u0105d Miejski w Wo\u0142ominie.<br \/>\nSerdecznie zapraszamy do udzia\u0142u we wszystkich atrakcyjnych wydarzeniach zaplanowanych z okazji Dni Wo\u0142omina. <strong><a href=\"http:\/\/fundacjaoda.pl\/wp-content\/uploads\/2016\/05\/dni-miasta-2016-.pdf\" target=\"_blank\">Szczeg\u00f3\u0142owy program<\/a><\/strong> <\/p>\n<p><a href=\"http:\/\/fundacjaoda.pl\/wp-content\/uploads\/2016\/05\/Andrzej-i-Maria.jpg\"><img loading=\"lazy\" src=\"http:\/\/fundacjaoda.pl\/wp-content\/uploads\/2016\/05\/Andrzej-i-Maria.jpg\" style=\"margin-right: 10px;\" alt=\"Andrzej i Maria\" width=\"25%\" height=\"25%\" class=\"alignnone size-full wp-image-7681\" align=\"left\" srcset=\"http:\/\/fundacjaoda.pl\/wp-content\/uploads\/2016\/05\/Andrzej-i-Maria.jpg 600w, http:\/\/fundacjaoda.pl\/wp-content\/uploads\/2016\/05\/Andrzej-i-Maria-150x94.jpg 150w\" sizes=\"(max-width: 600px) 100vw, 600px\" \/><\/a>&#8211; <strong>11 maja (\u015broda) godz. 19:00, Miejski Dom Kultury<\/strong> &#8211; &#8222;Nie tylko muzyka&#8221; &#8211; wystawa zdj\u0119\u0107 i dokument\u00f3w z&nbsp;archiwum Izby Muzealnej Wodiczk\u00f3w w Wo\u0142ominie. <a href=\"http:\/\/fundacjaoda.pl\/?page_id=2569\" title=\"Wystawy\"><strong>Relacja<\/strong><\/a><br \/>\n&nbsp;<br \/>\n&nbsp;<br \/>\n&nbsp;<br \/>\n&nbsp;<br \/>\n<a href=\"http:\/\/fundacjaoda.pl\/wp-content\/uploads\/2016\/05\/Anna-Saks_1.jpg\"><img loading=\"lazy\" src=\"http:\/\/fundacjaoda.pl\/wp-content\/uploads\/2016\/05\/Anna-Saks_1.jpg\" style=\"margin-right: 10px;\"  alt=\"Anna Saks_1\" width=\"25%\" height=\"25%\" class=\"alignnone size-full wp-image-7684\" align=\"left\" srcset=\"http:\/\/fundacjaoda.pl\/wp-content\/uploads\/2016\/05\/Anna-Saks_1.jpg 567w, http:\/\/fundacjaoda.pl\/wp-content\/uploads\/2016\/05\/Anna-Saks_1-150x83.jpg 150w\" sizes=\"(max-width: 567px) 100vw, 567px\" \/><\/a>&#8211; <strong>13 maja (pi\u0105tek) godz. 18:30, Izba Muzealna Wodiczk\u00f3w w Wo\u0142ominie<\/strong> &#8211; &#8222;Wo\u0142omi\u0144skie odcienie&#8221; &#8211; wernisa\u017c wystawy akwareli Anety Saks. Kurator wystawy Ma\u0142gorzata Gumienna. <strong><a href=\"http:\/\/fundacjaoda.pl\/?page_id=2569\" title=\"Wystawy\">Relacja<\/a><\/strong><br \/>\n&nbsp;<br \/>\n&nbsp;<br \/>\n&nbsp;<br \/>\n&nbsp;<br \/>\n<a href=\"http:\/\/fundacjaoda.pl\/wp-content\/uploads\/2016\/05\/DniWolomina2016.jpg\"><img loading=\"lazy\" src=\"http:\/\/fundacjaoda.pl\/wp-content\/uploads\/2016\/05\/DniWolomina2016.jpg\" alt=\"DniWolomina2016\" style=\"margin-right: 10px;\" width=\"25%\" height=\"25%\" class=\"alignnone size-full wp-image-7687\" align=\"left\" srcset=\"http:\/\/fundacjaoda.pl\/wp-content\/uploads\/2016\/05\/DniWolomina2016.jpg 155w, http:\/\/fundacjaoda.pl\/wp-content\/uploads\/2016\/05\/DniWolomina2016-150x130.jpg 150w\" sizes=\"(max-width: 155px) 100vw, 155px\" \/><\/a>&#8211; <strong>13 maja (pi\u0105tek) godz. 19:00, Izba Muzealna Wodiczk\u00f3w w Wo\u0142ominie<\/strong> &#8211; Benefis Heleny Baronicz. Wyst\u0105pi\u0105: Anna Kornacka &#8211; fortepian, Wioletta Bijata &#8211; sopran, Ma\u0142gorzata Gumienna i Cezary Waszczy\u0144ski &#8211; prowadzenie. <strong><a href=\"http:\/\/fundacjaoda.pl\/?page_id=2569\" title=\"Wystawy\">Relacja<\/a><\/strong><br \/>\n&nbsp;<br \/>\n&nbsp;<br \/>\n&nbsp;<br \/>\n&nbsp;<br \/>\n&nbsp;<br \/>\n<a href=\"http:\/\/fundacjaoda.pl\/wp-content\/uploads\/2015\/06\/pi-51-of-81.jpg\"><img loading=\"lazy\" src=\"http:\/\/fundacjaoda.pl\/wp-content\/uploads\/2015\/06\/pi-51-of-81.jpg\" style=\"margin-right: 10px;\" alt=\"pi (51 of 81)\" width=\"25%\" height=\"25%\" class=\"alignnone size-full wp-image-5407\" align=\"left\" srcset=\"http:\/\/fundacjaoda.pl\/wp-content\/uploads\/2015\/06\/pi-51-of-81.jpg 900w, http:\/\/fundacjaoda.pl\/wp-content\/uploads\/2015\/06\/pi-51-of-81-150x99.jpg 150w\" sizes=\"(max-width: 900px) 100vw, 900px\" \/><\/a>&#8211; <strong>15 maja (niedziela) godz. 16:30, Izba Muzealna Wodiczk\u00f3w w Wo\u0142ominie<\/strong> &#8211; &#8222;Muzyka polska&#8221; &#8211; podwieczorek muzyczny dla dzieci. Wyst\u0105pi\u0105: Anna Kornacka &#8211; fortepian, Beata Kierzkowska &#8211; flet, Ma\u0142gorzata Chmielewska &#8211; prowadzenie. <strong>Relacja<\/strong><br \/>\n&nbsp;<br \/>\n&nbsp;<br \/>\n&nbsp;<br \/>\n<em>Dodano 05.05.2016 r.<\/em><\/p>\n","protected":false},"excerpt":{"rendered":"<p>W ramach Dni Wo\u0142omina zapraszamy na nast\u0119puj\u0105ce wydarzenia zwi\u0105zane z Izb\u0105 Muzealn\u0105 Wodizk\u00f3w. Wydarzenia te realizowane b\u0119d\u0105 w&nbsp;ramach projektu pt. \u201eProwadzenie dzia\u0142a\u0144 wspieraj\u0105cych edukacj\u0119 kulturaln\u0105 oraz popularyzacj\u0119 dziedzictwa historycznego Wo\u0142omina\u201d, finansowanego przez Urz\u0105d Miejski w Wo\u0142ominie. Serdecznie zapraszamy do udzia\u0142u we wszystkich atrakcyjnych wydarzeniach zaplanowanych z okazji Dni Wo\u0142omina. Szczeg\u00f3\u0142owy \u2026 <a href=\"http:\/\/fundacjaoda.pl\/?p=7677\"> Continue reading <span class=\"meta-nav\">&rarr; <\/span><\/a><\/p>\n","protected":false},"author":1,"featured_media":0,"comment_status":"closed","ping_status":"open","sticky":false,"template":"","format":"standard","meta":[],"categories":[18,22,20,8,5,23],"tags":[],"_links":{"self":[{"href":"http:\/\/fundacjaoda.pl\/index.php?rest_route=\/wp\/v2\/posts\/7677"}],"collection":[{"href":"http:\/\/fundacjaoda.pl\/index.php?rest_route=\/wp\/v2\/posts"}],"about":[{"href":"http:\/\/fundacjaoda.pl\/index.php?rest_route=\/wp\/v2\/types\/post"}],"author":[{"embeddable":true,"href":"http:\/\/fundacjaoda.pl\/index.php?rest_route=\/wp\/v2\/users\/1"}],"replies":[{"embeddable":true,"href":"http:\/\/fundacjaoda.pl\/index.php?rest_route=%2Fwp%2Fv2%2Fcomments&post=7677"}],"version-history":[{"count":29,"href":"http:\/\/fundacjaoda.pl\/index.php?rest_route=\/wp\/v2\/posts\/7677\/revisions"}],"predecessor-version":[{"id":9760,"href":"http:\/\/fundacjaoda.pl\/index.php?rest_route=\/wp\/v2\/posts\/7677\/revisions\/9760"}],"wp:attachment":[{"href":"http:\/\/fundacjaoda.pl\/index.php?rest_route=%2Fwp%2Fv2%2Fmedia&parent=7677"}],"wp:term":[{"taxonomy":"category","embeddable":true,"href":"http:\/\/fundacjaoda.pl\/index.php?rest_route=%2Fwp%2Fv2%2Fcategories&post=7677"},{"taxonomy":"post_tag","embeddable":true,"href":"http:\/\/fundacjaoda.pl\/index.php?rest_route=%2Fwp%2Fv2%2Ftags&post=7677"}],"curies":[{"name":"wp","href":"https:\/\/api.w.org\/{rel}","templated":true}]}}