{"id":7274,"date":"2016-04-23T11:37:43","date_gmt":"2016-04-23T09:37:43","guid":{"rendered":"http:\/\/fundacjaoda.pl\/?p=7274"},"modified":"2017-10-31T18:18:18","modified_gmt":"2017-10-31T17:18:18","slug":"prowadzenie-dzialan-wspierajacych-edukacje-kulturalna-oraz-popularyzacje-dziedzictwa-historycznego-wolomina","status":"publish","type":"post","link":"http:\/\/fundacjaoda.pl\/?p=7274","title":{"rendered":"Prowadzenie dzia\u0142a\u0144 wspieraj\u0105cych edukacj\u0119 kulturaln\u0105 oraz popularyzacj\u0119 dziedzictwa historycznego Wo\u0142omina"},"content":{"rendered":"<p><a href=\"http:\/\/fundacjaoda.pl\/wp-content\/uploads\/2016\/04\/Logo-Wolomina.jpg\"><img loading=\"lazy\" src=\"http:\/\/fundacjaoda.pl\/wp-content\/uploads\/2016\/04\/Logo-Wolomina.jpg\" alt=\"Logo Wolomina\" style=\"margin-right:10px\" width=\"15%\" height=\"15%\"  class=\"alignnone size-full wp-image-7275\" align=\"left\" srcset=\"http:\/\/fundacjaoda.pl\/wp-content\/uploads\/2016\/04\/Logo-Wolomina.jpg 198w, http:\/\/fundacjaoda.pl\/wp-content\/uploads\/2016\/04\/Logo-Wolomina-116x150.jpg 116w\" sizes=\"(max-width: 198px) 100vw, 198px\" \/><\/a>Od maja do grudnia 2016 r. Fundacja ODA zrealizuje projekt pt. &#8222;Prowadzenie dzia\u0142a\u0144 wspieraj\u0105cych edukacj\u0119 kulturaln\u0105 oraz popularyzacj\u0119 dziedzictwa historycznego Wo\u0142omina&#8221;. W ramach tego projektu b\u0119dziemy realizowa\u0107 nast\u0119puj\u0105ce wydarzenia: lekcje muzealne, wieczory muzyczne, podwieczorki muzyczne dla dzieci, cykl spotka\u0144 pt. &#8222;Podr\u00f3\u017ce Wo\u0142ominiak\u00f3w&#8221;, warsztaty artystyczne, wystawy promuj\u0105ce dorobek kulturowy artyst\u00f3w wo\u0142omi\u0144skich i histori\u0119 Wo\u0142omina. Cz\u0119\u015b\u0107 zada\u0144 zostanie zrealizowana ju\u017c w maju, podczas obchod\u00f3w Dni Wo\u0142omina. O wszystkich zaplanowanych wydarzeniach b\u0119dziemy informowa\u0107 Pa\u0144stwa na naszej stronie i na portalu spo\u0142eczno\u015bciowym Facebook.<br \/>\nZadania realizowane w ramach tego projektu b\u0119d\u0105 finansowane przez Urz\u0105d Miejski w Wo\u0142ominie. <\/p>\n<p><em>Dodano 23.04.2016 r.<\/em><\/p>\n","protected":false},"excerpt":{"rendered":"<p>Od maja do grudnia 2016 r. Fundacja ODA zrealizuje projekt pt. &#8222;Prowadzenie dzia\u0142a\u0144 wspieraj\u0105cych edukacj\u0119 kulturaln\u0105 oraz popularyzacj\u0119 dziedzictwa historycznego Wo\u0142omina&#8221;. W ramach tego projektu b\u0119dziemy realizowa\u0107 nast\u0119puj\u0105ce wydarzenia: lekcje muzealne, wieczory muzyczne, podwieczorki muzyczne dla dzieci, cykl spotka\u0144 pt. &#8222;Podr\u00f3\u017ce Wo\u0142ominiak\u00f3w&#8221;, warsztaty artystyczne, wystawy promuj\u0105ce dorobek kulturowy artyst\u00f3w wo\u0142omi\u0144skich \u2026 <a href=\"http:\/\/fundacjaoda.pl\/?p=7274\"> Continue reading <span class=\"meta-nav\">&rarr; <\/span><\/a><\/p>\n","protected":false},"author":1,"featured_media":0,"comment_status":"closed","ping_status":"open","sticky":false,"template":"","format":"standard","meta":[],"categories":[22,20],"tags":[],"_links":{"self":[{"href":"http:\/\/fundacjaoda.pl\/index.php?rest_route=\/wp\/v2\/posts\/7274"}],"collection":[{"href":"http:\/\/fundacjaoda.pl\/index.php?rest_route=\/wp\/v2\/posts"}],"about":[{"href":"http:\/\/fundacjaoda.pl\/index.php?rest_route=\/wp\/v2\/types\/post"}],"author":[{"embeddable":true,"href":"http:\/\/fundacjaoda.pl\/index.php?rest_route=\/wp\/v2\/users\/1"}],"replies":[{"embeddable":true,"href":"http:\/\/fundacjaoda.pl\/index.php?rest_route=%2Fwp%2Fv2%2Fcomments&post=7274"}],"version-history":[{"count":3,"href":"http:\/\/fundacjaoda.pl\/index.php?rest_route=\/wp\/v2\/posts\/7274\/revisions"}],"predecessor-version":[{"id":7386,"href":"http:\/\/fundacjaoda.pl\/index.php?rest_route=\/wp\/v2\/posts\/7274\/revisions\/7386"}],"wp:attachment":[{"href":"http:\/\/fundacjaoda.pl\/index.php?rest_route=%2Fwp%2Fv2%2Fmedia&parent=7274"}],"wp:term":[{"taxonomy":"category","embeddable":true,"href":"http:\/\/fundacjaoda.pl\/index.php?rest_route=%2Fwp%2Fv2%2Fcategories&post=7274"},{"taxonomy":"post_tag","embeddable":true,"href":"http:\/\/fundacjaoda.pl\/index.php?rest_route=%2Fwp%2Fv2%2Ftags&post=7274"}],"curies":[{"name":"wp","href":"https:\/\/api.w.org\/{rel}","templated":true}]}}