{"id":7265,"date":"2016-04-23T11:21:43","date_gmt":"2016-04-23T09:21:43","guid":{"rendered":"http:\/\/fundacjaoda.pl\/?p=7265"},"modified":"2017-10-31T18:17:26","modified_gmt":"2017-10-31T17:17:26","slug":"prezentacja-zasobow-archiwalnych-izby-muzealnej-wodiczkow","status":"publish","type":"post","link":"http:\/\/fundacjaoda.pl\/?p=7265","title":{"rendered":"Prezentacja zasob\u00f3w archiwalnych Izby Muzealnej Wodiczk\u00f3w"},"content":{"rendered":"<p><a href=\"http:\/\/fundacjaoda.pl\/wp-content\/uploads\/2016\/04\/Logo-Starosty.jpg\"><img loading=\"lazy\" src=\"http:\/\/fundacjaoda.pl\/wp-content\/uploads\/2016\/04\/Logo-Starosty.jpg\" alt=\"Logo Starosty\" style=\"margin-right:10px\" width=\"15%\" height=\"15%\" class=\"alignnone size-full wp-image-7266\" align=\"left\" srcset=\"http:\/\/fundacjaoda.pl\/wp-content\/uploads\/2016\/04\/Logo-Starosty.jpg 204w, http:\/\/fundacjaoda.pl\/wp-content\/uploads\/2016\/04\/Logo-Starosty-123x150.jpg 123w\" sizes=\"(max-width: 204px) 100vw, 204px\" \/><\/a>Od kwietnia tego roku Fundacja ODA, w ramach konkursu na wspieranie projekt\u00f3w maj\u0105cych na celu promocj\u0119 dziedzictwa historycznego i kulturowego powiatu wo\u0142omi\u0144skiego, realizuje projekt pod nazw\u0105 &#8222;Film &#8211; prezentacja zasob\u00f3w archiwalnych Izby Muzealnej Wodiczk\u00f3w&#8221;. Projekt ten jest dzia\u0142aniem maj\u0105cym na celu popularyzacj\u0119 dorobku kulturowego rodziny Wodiczk\u00f3w i ich wk\u0142adu w kultur\u0119 narodow\u0105 naszego kraju i \u017cycie spo\u0142ecznego mieszka\u0144c\u00f3w ziemi wo\u0142omi\u0144skiej. Nakr\u0119cony film prezentuj\u0105cy zasoby archiwalne zgromadzone w Izbie Muzealnej Wodiczk\u00f3w b\u0119dzie mia\u0142 premier\u0119 we wrze\u015bniu 2016 r.<br \/>\nZadanie zosta\u0142o dofinansowane przez Starostwo Powiatowe w Wo\u0142ominie.<\/p>\n<p><em>Dodano 23.04.2016 r.<\/em><\/p>\n","protected":false},"excerpt":{"rendered":"<p>Od kwietnia tego roku Fundacja ODA, w ramach konkursu na wspieranie projekt\u00f3w maj\u0105cych na celu promocj\u0119 dziedzictwa historycznego i kulturowego powiatu wo\u0142omi\u0144skiego, realizuje projekt pod nazw\u0105 &#8222;Film &#8211; prezentacja zasob\u00f3w archiwalnych Izby Muzealnej Wodiczk\u00f3w&#8221;. Projekt ten jest dzia\u0142aniem maj\u0105cym na celu popularyzacj\u0119 dorobku kulturowego rodziny Wodiczk\u00f3w i ich wk\u0142adu w \u2026 <a href=\"http:\/\/fundacjaoda.pl\/?p=7265\"> Continue reading <span class=\"meta-nav\">&rarr; <\/span><\/a><\/p>\n","protected":false},"author":1,"featured_media":0,"comment_status":"closed","ping_status":"open","sticky":false,"template":"","format":"standard","meta":[],"categories":[3,24,20],"tags":[],"_links":{"self":[{"href":"http:\/\/fundacjaoda.pl\/index.php?rest_route=\/wp\/v2\/posts\/7265"}],"collection":[{"href":"http:\/\/fundacjaoda.pl\/index.php?rest_route=\/wp\/v2\/posts"}],"about":[{"href":"http:\/\/fundacjaoda.pl\/index.php?rest_route=\/wp\/v2\/types\/post"}],"author":[{"embeddable":true,"href":"http:\/\/fundacjaoda.pl\/index.php?rest_route=\/wp\/v2\/users\/1"}],"replies":[{"embeddable":true,"href":"http:\/\/fundacjaoda.pl\/index.php?rest_route=%2Fwp%2Fv2%2Fcomments&post=7265"}],"version-history":[{"count":7,"href":"http:\/\/fundacjaoda.pl\/index.php?rest_route=\/wp\/v2\/posts\/7265\/revisions"}],"predecessor-version":[{"id":7273,"href":"http:\/\/fundacjaoda.pl\/index.php?rest_route=\/wp\/v2\/posts\/7265\/revisions\/7273"}],"wp:attachment":[{"href":"http:\/\/fundacjaoda.pl\/index.php?rest_route=%2Fwp%2Fv2%2Fmedia&parent=7265"}],"wp:term":[{"taxonomy":"category","embeddable":true,"href":"http:\/\/fundacjaoda.pl\/index.php?rest_route=%2Fwp%2Fv2%2Fcategories&post=7265"},{"taxonomy":"post_tag","embeddable":true,"href":"http:\/\/fundacjaoda.pl\/index.php?rest_route=%2Fwp%2Fv2%2Ftags&post=7265"}],"curies":[{"name":"wp","href":"https:\/\/api.w.org\/{rel}","templated":true}]}}