{"id":7226,"date":"2016-04-14T15:23:30","date_gmt":"2016-04-14T13:23:30","guid":{"rendered":"http:\/\/fundacjaoda.pl\/?p=7226"},"modified":"2017-11-02T09:46:36","modified_gmt":"2017-11-02T08:46:36","slug":"podroz-dookola-swiata-czesc-iv","status":"publish","type":"post","link":"http:\/\/fundacjaoda.pl\/?p=7226","title":{"rendered":"Podr\u00f3\u017c dooko\u0142a \u015bwiata \u2013 cz\u0119\u015b\u0107 IV &#8211; Kolumbia, Wenezuela, Meksyk"},"content":{"rendered":"<p><a href=\"http:\/\/fundacjaoda.pl\/wp-content\/uploads\/2016\/04\/ladomirscy.jpg\"><img loading=\"lazy\" src=\"http:\/\/fundacjaoda.pl\/wp-content\/uploads\/2016\/04\/ladomirscy.jpg\" style=\"margin-right:10px\" alt=\"ladomirscy\" width=\"25%\" height=\"25%\" class=\"alignnone size-full wp-image-7228\" align=\"left\" srcset=\"http:\/\/fundacjaoda.pl\/wp-content\/uploads\/2016\/04\/ladomirscy.jpg 463w, http:\/\/fundacjaoda.pl\/wp-content\/uploads\/2016\/04\/ladomirscy-150x113.jpg 150w\" sizes=\"(max-width: 463px) 100vw, 463px\" \/><\/a><a href=\"http:\/\/fundacjaoda.pl\/wp-content\/uploads\/2016\/04\/Zaproszenie.jpg\"><img loading=\"lazy\" src=\"http:\/\/fundacjaoda.pl\/wp-content\/uploads\/2016\/04\/Zaproszenie.jpg\" style=\"margin-left:10px\" alt=\"Zaproszenie\" width=\"35%\" height=\"35%\" class=\"alignnone size-full wp-image-7246\" align=\"right\" srcset=\"http:\/\/fundacjaoda.pl\/wp-content\/uploads\/2016\/04\/Zaproszenie.jpg 595w, http:\/\/fundacjaoda.pl\/wp-content\/uploads\/2016\/04\/Zaproszenie-150x116.jpg 150w\" sizes=\"(max-width: 595px) 100vw, 595px\" \/><\/a>W Izbie ju\u017c po raz czwarty zagoszcz\u0105 pa\u0144stwo Gra\u017cyna i Marek \u0141adomirscy. Tym razem opowiedz\u0105 o&nbsp;ostatnich dw\u00f3ch krajach, kt\u00f3re odwiedzili w&nbsp;Ameryce Po\u0142udniowej podczas swojej podr\u00f3\u017cy dooko\u0142a \u015bwiata \u2013 Kolumbii i Wenezueli. Je\u015bli czas pozwoli, zabior\u0105 przyby\u0142ych do Izby go\u015bci w podr\u00f3\u017c jeszcze bardziej na p\u00f3\u0142noc &#8211; przez Ameryk\u0119 \u015arodkow\u0105 a\u017c do Meksyku. T\u0119 cze\u015b\u0107 swojej podr\u00f3\u017cy odbyli w okresie pa\u017adziernik &#8211; grudzie\u0144 2014 r.<br \/>\nSerdecznie zapraszamy w pi\u0105tek 22 kwietnia o godz. 19:00. <strong><a href=\"http:\/\/fundacjaoda.pl\/?page_id=70 #meksyk2016\">Relacja<\/a><\/strong><\/p>\n<p><em>Dodano 14.04.2016 r.<\/em><\/p>\n","protected":false},"excerpt":{"rendered":"<p>W Izbie ju\u017c po raz czwarty zagoszcz\u0105 pa\u0144stwo Gra\u017cyna i Marek \u0141adomirscy. Tym razem opowiedz\u0105 o&nbsp;ostatnich dw\u00f3ch krajach, kt\u00f3re odwiedzili w&nbsp;Ameryce Po\u0142udniowej podczas swojej podr\u00f3\u017cy dooko\u0142a \u015bwiata \u2013 Kolumbii i Wenezueli. Je\u015bli czas pozwoli, zabior\u0105 przyby\u0142ych do Izby go\u015bci w podr\u00f3\u017c jeszcze bardziej na p\u00f3\u0142noc &#8211; przez Ameryk\u0119 \u015arodkow\u0105 a\u017c \u2026 <a href=\"http:\/\/fundacjaoda.pl\/?p=7226\"> Continue reading <span class=\"meta-nav\">&rarr; <\/span><\/a><\/p>\n","protected":false},"author":1,"featured_media":0,"comment_status":"closed","ping_status":"closed","sticky":false,"template":"","format":"standard","meta":[],"categories":[6,5],"tags":[],"_links":{"self":[{"href":"http:\/\/fundacjaoda.pl\/index.php?rest_route=\/wp\/v2\/posts\/7226"}],"collection":[{"href":"http:\/\/fundacjaoda.pl\/index.php?rest_route=\/wp\/v2\/posts"}],"about":[{"href":"http:\/\/fundacjaoda.pl\/index.php?rest_route=\/wp\/v2\/types\/post"}],"author":[{"embeddable":true,"href":"http:\/\/fundacjaoda.pl\/index.php?rest_route=\/wp\/v2\/users\/1"}],"replies":[{"embeddable":true,"href":"http:\/\/fundacjaoda.pl\/index.php?rest_route=%2Fwp%2Fv2%2Fcomments&post=7226"}],"version-history":[{"count":18,"href":"http:\/\/fundacjaoda.pl\/index.php?rest_route=\/wp\/v2\/posts\/7226\/revisions"}],"predecessor-version":[{"id":12546,"href":"http:\/\/fundacjaoda.pl\/index.php?rest_route=\/wp\/v2\/posts\/7226\/revisions\/12546"}],"wp:attachment":[{"href":"http:\/\/fundacjaoda.pl\/index.php?rest_route=%2Fwp%2Fv2%2Fmedia&parent=7226"}],"wp:term":[{"taxonomy":"category","embeddable":true,"href":"http:\/\/fundacjaoda.pl\/index.php?rest_route=%2Fwp%2Fv2%2Fcategories&post=7226"},{"taxonomy":"post_tag","embeddable":true,"href":"http:\/\/fundacjaoda.pl\/index.php?rest_route=%2Fwp%2Fv2%2Ftags&post=7226"}],"curies":[{"name":"wp","href":"https:\/\/api.w.org\/{rel}","templated":true}]}}