{"id":5587,"date":"2015-08-08T19:01:28","date_gmt":"2015-08-08T17:01:28","guid":{"rendered":"http:\/\/fundacjaoda.pl\/?p=5587"},"modified":"2017-10-31T18:06:06","modified_gmt":"2017-10-31T17:06:06","slug":"festiwal-im-rodziny-wodiczkow","status":"publish","type":"post","link":"http:\/\/fundacjaoda.pl\/?p=5587","title":{"rendered":"Festiwal im. Rodziny Wodiczk\u00f3w"},"content":{"rendered":"<p><a href=\"http:\/\/fundacjaoda.pl\/wp-content\/uploads\/2015\/08\/baner_budzet_ob.jpg\"><img loading=\"lazy\" src=\"http:\/\/fundacjaoda.pl\/wp-content\/uploads\/2015\/08\/baner_budzet_ob.jpg\" alt=\"baner_budzet_ob\" style=\"margin-right: 10px;\" width=\"30%\" height=\"30%\" class=\"alignnone size-full wp-image-5589\" align=\"left\" srcset=\"http:\/\/fundacjaoda.pl\/wp-content\/uploads\/2015\/08\/baner_budzet_ob.jpg 214w, http:\/\/fundacjaoda.pl\/wp-content\/uploads\/2015\/08\/baner_budzet_ob-150x55.jpg 150w\" sizes=\"(max-width: 214px) 100vw, 214px\" \/><\/a>Informujemy, \u017ce spo\u015br\u00f3d 110 wniosk\u00f3w nades\u0142anych przez mieszka\u0144c\u00f3w gminy Wo\u0142omin w&nbsp;ramach bud\u017cetu obywatelskiego na rok 2016  zosta\u0142o wybranych 41 &#8211;  w\u015br\u00f3d nich projekt Danuty Michalik pt. &#8222;Festiwal im. Rodziny Wodiczk\u00f3w&#8221; &#8211; do dalszego etapu.<br \/>\nZa\u0142o\u017cenia projektu przewiduj\u0105, \u017ce Festiwal mia\u0142by charakter og\u00f3lnopolski ze szczeg\u00f3lnym uwzgl\u0119dnieniem \u015brodowisk, w kt\u00f3rych Wodiczkowie pracowali. G\u0142\u00f3wnymi beneficjentami byliby mieszka\u0144cy Wo\u0142omina i powiatu wo\u0142omi\u0144skiego, szczeg\u00f3lnie dzieci i m\u0142odzie\u017c szkolna, a tak\u017ce arty\u015bci z Wo\u0142omina. Cz\u0119\u015b\u0107 koncert\u00f3w by\u0142aby zorganizowana w Izbie Muzealnej po\u015bwi\u0119conej rodzinie Wodiczk\u00f3w przy Al. Armii Krajowej 43 (dawniej ul. Trakt Warszawski 29), gdzie sta\u0142 dom rodzinny Wodiczk\u00f3w.<br \/>\nW ramach Festiwalu proponowane s\u0105 nast\u0119puj\u0105ce wydarzenia:<br \/>\n&#8211; koncert orkiestr d\u0119tych upami\u0119tniaj\u0105cy Franciszka Wodiczk\u0119,<br \/>\n&#8211; cykl koncert\u00f3w fortepianowych upami\u0119tniaj\u0105cy Eugeniusza Wodiczk\u0119,<br \/>\n&#8211; koncert uznanej orkiestry symfonicznej wraz z koncertami ch\u00f3r\u00f3w upami\u0119tniaj\u0105ce Bohdana Wodiczk\u0119,<br \/>\n&#8211; panel dyskusyjny na temat instalacji artystycznych i ksi\u0105\u017cki napisanej przez Krzysztofa Wodiczk\u0119 &#8222;Obalenie wojen&#8221;,<br \/>\n&#8211; inne wydarzenia towarzysz\u0105ce: koncerty muzyki klasycznej dla dzieci, pokazy film\u00f3w dokumentalnych, konkursy.<br \/>\nWydarzenie tej rangi jak festiwal by\u0142oby spe\u0142nieniem oczekiwa\u0144 mieszka\u0144c\u00f3w Wo\u0142omina, a promocja Festiwalu w mediach wp\u0142ynie pozytywnie na budowanie dumy z lokalnego dziedzictwa.<br \/>\nAby projekt zosta\u0142 zaakceptowany do realizacji, potrzebne s\u0105 Pa\u0144stwa g\u0142osy. Oddawa\u0107 je mo\u017cna na specjalnych formularzach, kt\u00f3re s\u0105 dost\u0119pne od 17.08.2015 r. w Urz\u0119dzie Miasta i na jego stronie internetowej. Wype\u0142nione formularze mo\u017cna sk\u0142ada\u0107 osobi\u015bcie lub za po\u015brednictwem strony internetowej Urz\u0119du Miasta w terminie 17.08-10.09.2015 r. <a href=\"http:\/\/fundacjaoda.pl\/wp-content\/uploads\/2014\/10\/33-2015.pdf\" target=\"_blank\"><strong>Wi\u0119cej&#8230;<\/strong><\/a><\/p>\n","protected":false},"excerpt":{"rendered":"<p>Informujemy, \u017ce spo\u015br\u00f3d 110 wniosk\u00f3w nades\u0142anych przez mieszka\u0144c\u00f3w gminy Wo\u0142omin w&nbsp;ramach bud\u017cetu obywatelskiego na rok 2016 zosta\u0142o wybranych 41 &#8211; w\u015br\u00f3d nich projekt Danuty Michalik pt. &#8222;Festiwal im. Rodziny Wodiczk\u00f3w&#8221; &#8211; do dalszego etapu. Za\u0142o\u017cenia projektu przewiduj\u0105, \u017ce Festiwal mia\u0142by charakter og\u00f3lnopolski ze szczeg\u00f3lnym uwzgl\u0119dnieniem \u015brodowisk, w kt\u00f3rych Wodiczkowie pracowali. \u2026 <a href=\"http:\/\/fundacjaoda.pl\/?p=5587\"> Continue reading <span class=\"meta-nav\">&rarr; <\/span><\/a><\/p>\n","protected":false},"author":1,"featured_media":0,"comment_status":"closed","ping_status":"closed","sticky":false,"template":"","format":"standard","meta":[],"categories":[20],"tags":[],"_links":{"self":[{"href":"http:\/\/fundacjaoda.pl\/index.php?rest_route=\/wp\/v2\/posts\/5587"}],"collection":[{"href":"http:\/\/fundacjaoda.pl\/index.php?rest_route=\/wp\/v2\/posts"}],"about":[{"href":"http:\/\/fundacjaoda.pl\/index.php?rest_route=\/wp\/v2\/types\/post"}],"author":[{"embeddable":true,"href":"http:\/\/fundacjaoda.pl\/index.php?rest_route=\/wp\/v2\/users\/1"}],"replies":[{"embeddable":true,"href":"http:\/\/fundacjaoda.pl\/index.php?rest_route=%2Fwp%2Fv2%2Fcomments&post=5587"}],"version-history":[{"count":13,"href":"http:\/\/fundacjaoda.pl\/index.php?rest_route=\/wp\/v2\/posts\/5587\/revisions"}],"predecessor-version":[{"id":6195,"href":"http:\/\/fundacjaoda.pl\/index.php?rest_route=\/wp\/v2\/posts\/5587\/revisions\/6195"}],"wp:attachment":[{"href":"http:\/\/fundacjaoda.pl\/index.php?rest_route=%2Fwp%2Fv2%2Fmedia&parent=5587"}],"wp:term":[{"taxonomy":"category","embeddable":true,"href":"http:\/\/fundacjaoda.pl\/index.php?rest_route=%2Fwp%2Fv2%2Fcategories&post=5587"},{"taxonomy":"post_tag","embeddable":true,"href":"http:\/\/fundacjaoda.pl\/index.php?rest_route=%2Fwp%2Fv2%2Ftags&post=5587"}],"curies":[{"name":"wp","href":"https:\/\/api.w.org\/{rel}","templated":true}]}}