{"id":4311,"date":"2015-03-20T22:11:17","date_gmt":"2015-03-20T21:11:17","guid":{"rendered":"http:\/\/fundacjaoda.pl\/?p=4311"},"modified":"2017-10-31T17:52:27","modified_gmt":"2017-10-31T16:52:27","slug":"plytoteka-izby-muzealnej-wodiczkow","status":"publish","type":"post","link":"http:\/\/fundacjaoda.pl\/?p=4311","title":{"rendered":"Warsztaty Wielkanocne"},"content":{"rendered":"<p><a href=\"http:\/\/fundacjaoda.pl\/wp-content\/uploads\/2015\/03\/Wpis.jpg\"><img loading=\"lazy\" class=\"alignnone size-full wp-image-4306\" style=\"margin-right: 10px;\" src=\"http:\/\/fundacjaoda.pl\/wp-content\/uploads\/2015\/03\/Wpis.jpg\" alt=\"Wpis\" width=\"155\" height=\"275\" align=\"left\" srcset=\"http:\/\/fundacjaoda.pl\/wp-content\/uploads\/2015\/03\/Wpis.jpg 155w, http:\/\/fundacjaoda.pl\/wp-content\/uploads\/2015\/03\/Wpis-84x150.jpg 84w\" sizes=\"(max-width: 155px) 100vw, 155px\" \/><\/a> W ubieg\u0142ym roku robili\u015bmy\u00a0 na Warsztatach Wielkanocnych palmy,\u00a0 pisanki i kartki \u015bwi\u0105teczne. Nauczyli\u015bmy si\u0119\u00a0 robi\u0107 zdrapki i pi\u0119kne kwiaty z krepiny. By\u0142o to spotkanie integracyjne i wielopokoleniowe, bo w\u015br\u00f3d uczestnik\u00f3w by\u0142y\u00a0 babcie, mamy, ma\u0142e dzieci\u00a0 i m\u0142odzie\u017c szkolna. Na \u017cyczenie uczestnik\u00f3w powtarzamy Warsztaty i w tym roku. Serdecznie zapraszamy we wtorek 24 marca od godziny 8.00 do 14.00. <strong><a title=\"Warsztaty\" href=\"http:\/\/fundacjaoda.pl\/?page_id=56\">Relacja<\/a><\/strong><\/p>\n<p><em>Dodano 20.03.2015 r.<\/em><\/p>\n","protected":false},"excerpt":{"rendered":"<p>W ubieg\u0142ym roku robili\u015bmy\u00a0 na Warsztatach Wielkanocnych palmy,\u00a0 pisanki i kartki \u015bwi\u0105teczne. Nauczyli\u015bmy si\u0119\u00a0 robi\u0107 zdrapki i pi\u0119kne kwiaty z krepiny. By\u0142o to spotkanie integracyjne i wielopokoleniowe, bo w\u015br\u00f3d uczestnik\u00f3w by\u0142y\u00a0 babcie, mamy, ma\u0142e dzieci\u00a0 i m\u0142odzie\u017c szkolna. Na \u017cyczenie uczestnik\u00f3w powtarzamy Warsztaty i w tym roku. Serdecznie zapraszamy we \u2026 <a href=\"http:\/\/fundacjaoda.pl\/?p=4311\"> Continue reading <span class=\"meta-nav\">&rarr; <\/span><\/a><\/p>\n","protected":false},"author":1,"featured_media":0,"comment_status":"closed","ping_status":"open","sticky":false,"template":"","format":"standard","meta":[],"categories":[7,5],"tags":[],"_links":{"self":[{"href":"http:\/\/fundacjaoda.pl\/index.php?rest_route=\/wp\/v2\/posts\/4311"}],"collection":[{"href":"http:\/\/fundacjaoda.pl\/index.php?rest_route=\/wp\/v2\/posts"}],"about":[{"href":"http:\/\/fundacjaoda.pl\/index.php?rest_route=\/wp\/v2\/types\/post"}],"author":[{"embeddable":true,"href":"http:\/\/fundacjaoda.pl\/index.php?rest_route=\/wp\/v2\/users\/1"}],"replies":[{"embeddable":true,"href":"http:\/\/fundacjaoda.pl\/index.php?rest_route=%2Fwp%2Fv2%2Fcomments&post=4311"}],"version-history":[{"count":10,"href":"http:\/\/fundacjaoda.pl\/index.php?rest_route=\/wp\/v2\/posts\/4311\/revisions"}],"predecessor-version":[{"id":4462,"href":"http:\/\/fundacjaoda.pl\/index.php?rest_route=\/wp\/v2\/posts\/4311\/revisions\/4462"}],"wp:attachment":[{"href":"http:\/\/fundacjaoda.pl\/index.php?rest_route=%2Fwp%2Fv2%2Fmedia&parent=4311"}],"wp:term":[{"taxonomy":"category","embeddable":true,"href":"http:\/\/fundacjaoda.pl\/index.php?rest_route=%2Fwp%2Fv2%2Fcategories&post=4311"},{"taxonomy":"post_tag","embeddable":true,"href":"http:\/\/fundacjaoda.pl\/index.php?rest_route=%2Fwp%2Fv2%2Ftags&post=4311"}],"curies":[{"name":"wp","href":"https:\/\/api.w.org\/{rel}","templated":true}]}}