{"id":20366,"date":"2025-04-15T10:05:59","date_gmt":"2025-04-15T08:05:59","guid":{"rendered":"http:\/\/fundacjaoda.pl\/?p=20366"},"modified":"2025-04-15T10:31:01","modified_gmt":"2025-04-15T08:31:01","slug":"ekowycinanki-z-poezja-wieczor-artystyczny-z-ania-kanclerz","status":"publish","type":"post","link":"http:\/\/fundacjaoda.pl\/?p=20366","title":{"rendered":"Ekowycinanki z poezj\u0105 &#8211;  wiecz\u00f3r artystyczny z Ani\u0105 Kanclerz"},"content":{"rendered":"\n<p><a href=\"http:\/\/fundacjaoda.pl\/wp-content\/uploads\/2025\/04\/Ania-Kanclerz.jpg\"><img loading=\"lazy\" class=\"alignnone size-medium wp-image-18854\" style=\"margin-right: 10px;\" src=\"http:\/\/fundacjaoda.pl\/wp-content\/uploads\/2025\/04\/Ania-Kanclerz.jpg\" width=\"20%\" height=\"20%\" align=\"left\"><\/a>W pi\u0105tek 25 kwietnia zapraszamy na wiecz\u00f3r ze sztuk\u0105 recyklingow\u0105 i poezj\u0105 o Naturze. Zaprosili\u015bmy do Izby Wodiczk\u00f3w Ani\u0119 Kanclerz, kt\u00f3ra wycina grafiki i piesze poezj\u0119. Ania Kanclerz prezentowa\u0142a ju\u017c u nas swoje turystyczne relacje w cyklu \u201ePodr\u00f3\u017ce Wo\u0142ominiak\u00f3w\u201d. Znamy j\u0105 tak\u017ce jako wsp\u00f3\u0142za\u0142o\u017cycielk\u0119 ruch\u00f3w w obronie drzew w&nbsp;Wo\u0142ominie, eko-edukatork\u0119 oraz architektk\u0119 krajobrazu. Od 2022 roku pisze poezj\u0119, kt\u00f3ra jest elementem jej proces\u00f3w rozwojowych i odkrywania g\u0142\u0119bokiej wra\u017cliwo\u015bci, szczeg\u00f3lnie na Przyrod\u0119 i jej procesy. Od kilku lat prowadzi kilka osobistych projekt\u00f3w, maj\u0105cych na celu zmniejszenie konsumpcjonizmu oraz \u017cycia w zgodzie z&nbsp;Natur\u0105. Jest propagatork\u0105 minimalizmu w duchu slow life, less waste i lean life.<\/p>\n<p>W pi\u0105tkowy wiecz\u00f3r Ania Kanclerz zaprezentuje wyb\u00f3r poezji ze swojego cyklu Poczuj Natur\u0119. Udost\u0119pni nam r\u00f3wnie\u017c swoj\u0105 osobist\u0105 kolekcj\u0119 wycinanek z 2013 r., kt\u00f3r\u0105 nazywa eko-wycinankami (autorski projekt recyklingu starych gazet) i zaprezentuje ich niezwyk\u0142y proces tworzenia. Uchyli r\u0105bka tajemnicy o tym, co nowego powstaje obecnie w jej pracowni i \u017cyciu tw\u00f3rczym.<\/p>\n\n\n\n<p><strong>Serdecznie zapraszamy do Izby Muzealnej Wodiczk\u00f3w w pi\u0105tek 25 kwietnia 2025 r. o godzinie 19.00. Wst\u0119p wolny.<\/strong><\/p>\n\n\n\n<p>UWAGA: W sobot\u0119 26 kwietnia odb\u0119d\u0105 si\u0119 warsztaty eko-wycinanki na ul. Moniuszki 40 w Wo\u0142ominie, w&nbsp;pracowni Ani Kanclerz oraz siedzibie Fundacji Poczuj Natur\u0119. Godzina spotkania zostanie ustalona na pi\u0105tkowym spotkaniu w naszej Izbie.<\/p>\n\n\n\n<p><em>Dodano 15.04.2025 r.<\/em><\/p>\n","protected":false},"excerpt":{"rendered":"<p>W pi\u0105tek 25 kwietnia zapraszamy na wiecz\u00f3r ze sztuk\u0105 recyklingow\u0105 i poezj\u0105 o Naturze. Zaprosili\u015bmy do Izby Wodiczk\u00f3w Ani\u0119 Kanclerz, kt\u00f3ra wycina grafiki i piesze poezj\u0119. Ania Kanclerz prezentowa\u0142a ju\u017c u nas swoje turystyczne relacje w cyklu \u201ePodr\u00f3\u017ce Wo\u0142ominiak\u00f3w\u201d. Znamy j\u0105 tak\u017ce jako wsp\u00f3\u0142za\u0142o\u017cycielk\u0119 ruch\u00f3w w obronie drzew w&nbsp;Wo\u0142ominie, eko-edukatork\u0119 \u2026 <a href=\"http:\/\/fundacjaoda.pl\/?p=20366\"> Continue reading <span class=\"meta-nav\">&rarr; <\/span><\/a><\/p>\n","protected":false},"author":1,"featured_media":0,"comment_status":"closed","ping_status":"closed","sticky":false,"template":"","format":"standard","meta":[],"categories":[2,26,3],"tags":[],"_links":{"self":[{"href":"http:\/\/fundacjaoda.pl\/index.php?rest_route=\/wp\/v2\/posts\/20366"}],"collection":[{"href":"http:\/\/fundacjaoda.pl\/index.php?rest_route=\/wp\/v2\/posts"}],"about":[{"href":"http:\/\/fundacjaoda.pl\/index.php?rest_route=\/wp\/v2\/types\/post"}],"author":[{"embeddable":true,"href":"http:\/\/fundacjaoda.pl\/index.php?rest_route=\/wp\/v2\/users\/1"}],"replies":[{"embeddable":true,"href":"http:\/\/fundacjaoda.pl\/index.php?rest_route=%2Fwp%2Fv2%2Fcomments&post=20366"}],"version-history":[{"count":14,"href":"http:\/\/fundacjaoda.pl\/index.php?rest_route=\/wp\/v2\/posts\/20366\/revisions"}],"predecessor-version":[{"id":20381,"href":"http:\/\/fundacjaoda.pl\/index.php?rest_route=\/wp\/v2\/posts\/20366\/revisions\/20381"}],"wp:attachment":[{"href":"http:\/\/fundacjaoda.pl\/index.php?rest_route=%2Fwp%2Fv2%2Fmedia&parent=20366"}],"wp:term":[{"taxonomy":"category","embeddable":true,"href":"http:\/\/fundacjaoda.pl\/index.php?rest_route=%2Fwp%2Fv2%2Fcategories&post=20366"},{"taxonomy":"post_tag","embeddable":true,"href":"http:\/\/fundacjaoda.pl\/index.php?rest_route=%2Fwp%2Fv2%2Ftags&post=20366"}],"curies":[{"name":"wp","href":"https:\/\/api.w.org\/{rel}","templated":true}]}}