{"id":20304,"date":"2025-02-03T12:21:53","date_gmt":"2025-02-03T11:21:53","guid":{"rendered":"http:\/\/fundacjaoda.pl\/?p=20304"},"modified":"2025-02-03T13:36:23","modified_gmt":"2025-02-03T12:36:23","slug":"historyczny-spacer-po-wolominie-2","status":"publish","type":"post","link":"http:\/\/fundacjaoda.pl\/?p=20304","title":{"rendered":"Historyczny spacer po Wo\u0142ominie"},"content":{"rendered":"\n<p><a href=\"http:\/\/fundacjaoda.pl\/wp-content\/uploads\/2025\/02\/Henryk-Woyciechowski.jpg\"><img loading=\"lazy\" class=\"alignnone size-medium wp-image-18854\" style=\"margin-right: 10px;\" src=\"http:\/\/fundacjaoda.pl\/wp-content\/uploads\/2025\/02\/Henryk-Woyciechowski.jpg\" width=\"20%\" height=\"20%\" align=\"left\"><\/a>Celem Fundacji ODA jest popularyzacja dziej\u00f3w naszego miasta i przypominanie wybitnych postaci zwi\u0105zanych z&nbsp;Ziemi\u0105 Wo\u0142omi\u0144sk\u0105. Swoimi dzia\u0142aniami w\u0142\u0105czamy si\u0119 w budowanie pozytywnego wizerunku Wo\u0142omina. Z okazji 106 rocznicy urodzin naszego miasta Fundacja bierze dzia\u0142 w organizacji <strong>Historycznego spaceru po Wo\u0142ominie<\/strong>. Spacer poprowadz\u0105 <strong>Danuta Michalik<\/strong> i <strong>Cezary Waszczy\u0144ski<\/strong>. Spacer rozpocznie si\u0119 przed pomnikiem  Henryka Woyciechowskiego, a zako\u0144czy w Centrum Aktywno\u015bci Wo\u0142omin &#8211; Stara Elektrownia przy ulicy Daszy\u0144skiego, gdzie dla uczestnik\u00f3w spotkania zostan\u0105 przygotowane dalsze atrakcje.<\/p>\n<p><strong>Serdecznie zapraszamy we wtorek 4 lutego o godzinie 14:00 przy pomniku Henryka Woyciechowskiego, na skrzy\u017cowaniu ulic Ogrodowej i&nbsp;Wile\u0144skiej w Wo\u0142ominie. Wst\u0119p wolny.<\/strong><\/p>\n<p><em>Dodano 03.02.2025 r.<\/em><\/p>\n\n\n\n<p><a href=\"http:\/\/fundacjaoda.pl\/wp-content\/uploads\/2025\/01\/Koledy-i-pastoralki.png\"><\/a><\/p>\n","protected":false},"excerpt":{"rendered":"<p>Celem Fundacji ODA jest popularyzacja dziej\u00f3w naszego miasta i przypominanie wybitnych postaci zwi\u0105zanych z&nbsp;Ziemi\u0105 Wo\u0142omi\u0144sk\u0105. Swoimi dzia\u0142aniami w\u0142\u0105czamy si\u0119 w budowanie pozytywnego wizerunku Wo\u0142omina. Z okazji 106 rocznicy urodzin naszego miasta Fundacja bierze dzia\u0142 w organizacji Historycznego spaceru po Wo\u0142ominie. Spacer poprowadz\u0105 Danuta Michalik i Cezary Waszczy\u0144ski. Spacer rozpocznie si\u0119 \u2026 <a href=\"http:\/\/fundacjaoda.pl\/?p=20304\"> Continue reading <span class=\"meta-nav\">&rarr; <\/span><\/a><\/p>\n","protected":false},"author":1,"featured_media":0,"comment_status":"closed","ping_status":"closed","sticky":false,"template":"","format":"standard","meta":[],"categories":[3,6],"tags":[],"_links":{"self":[{"href":"http:\/\/fundacjaoda.pl\/index.php?rest_route=\/wp\/v2\/posts\/20304"}],"collection":[{"href":"http:\/\/fundacjaoda.pl\/index.php?rest_route=\/wp\/v2\/posts"}],"about":[{"href":"http:\/\/fundacjaoda.pl\/index.php?rest_route=\/wp\/v2\/types\/post"}],"author":[{"embeddable":true,"href":"http:\/\/fundacjaoda.pl\/index.php?rest_route=\/wp\/v2\/users\/1"}],"replies":[{"embeddable":true,"href":"http:\/\/fundacjaoda.pl\/index.php?rest_route=%2Fwp%2Fv2%2Fcomments&post=20304"}],"version-history":[{"count":20,"href":"http:\/\/fundacjaoda.pl\/index.php?rest_route=\/wp\/v2\/posts\/20304\/revisions"}],"predecessor-version":[{"id":20325,"href":"http:\/\/fundacjaoda.pl\/index.php?rest_route=\/wp\/v2\/posts\/20304\/revisions\/20325"}],"wp:attachment":[{"href":"http:\/\/fundacjaoda.pl\/index.php?rest_route=%2Fwp%2Fv2%2Fmedia&parent=20304"}],"wp:term":[{"taxonomy":"category","embeddable":true,"href":"http:\/\/fundacjaoda.pl\/index.php?rest_route=%2Fwp%2Fv2%2Fcategories&post=20304"},{"taxonomy":"post_tag","embeddable":true,"href":"http:\/\/fundacjaoda.pl\/index.php?rest_route=%2Fwp%2Fv2%2Ftags&post=20304"}],"curies":[{"name":"wp","href":"https:\/\/api.w.org\/{rel}","templated":true}]}}