{"id":20270,"date":"2024-12-08T16:46:33","date_gmt":"2024-12-08T15:46:33","guid":{"rendered":"http:\/\/fundacjaoda.pl\/?p=20270"},"modified":"2024-12-08T17:00:51","modified_gmt":"2024-12-08T16:00:51","slug":"podwieczorek-muzyczny-dla-dzieci-sniezne-igraszki","status":"publish","type":"post","link":"http:\/\/fundacjaoda.pl\/?p=20270","title":{"rendered":"Podwieczorek muzyczny dla dzieci &#8211; \u015anie\u017cne igraszki"},"content":{"rendered":"\n<p><a href=\"http:\/\/fundacjaoda.pl\/wp-content\/uploads\/2024\/08\/Podwieczorki-dla-dzieci_1.jpg\"><img loading=\"lazy\" class=\"alignnone size-medium wp-image-18854\" style=\"margin-right: 10px;\" src=\"http:\/\/fundacjaoda.pl\/wp-content\/uploads\/2024\/08\/Podwieczorki-dla-dzieci_1.jpg\" width=\"20%\" height=\"20%\" align=\"left\"><\/a>To b\u0119dzie ju\u017c ostatni w tym roku kalendarzowym Podwieczorek muzyczny dla dzieci, kt\u00f3ry odb\u0119dzie si\u0119, jak zwykle, w Izbie Muzealnej Wodiczk\u00f3w w Wo\u0142ominie. W Podwieczorku wyst\u0105pi\u0105 <strong><a href=\"http:\/\/fundacjaoda.pl\/?page_id=5609\">Anna Kornacka<\/a> <\/strong>(fortepian) i <strong><a href=\"http:\/\/fundacjaoda.pl\/?page_id=8983\">Beata Kierzkowska<\/a><\/strong> (flet). Spotkanie poprowadzi <strong><a href=\"http:\/\/fundacjaoda.pl\/?page_id=19445\">Ma\u0142gorzata Chmielewska<\/a><\/strong>.<\/p>\n\n\n\n<p><strong>Serdecznie zapraszamy w niedziel\u0119 15 grudnia 2024 r. o godz. 16:30. Wst\u0119p wolny.<\/strong><\/p>\n\n\n\n<p>Wydarzenie jest realizowane w ramach projektu <em>&#8222;Prowadzenie <a href=\"http:\/\/fundacjaoda.pl\/wp-content\/uploads\/2016\/10\/Wolomin_sepia-na-dole.jpg\"><img loading=\"lazy\" class=\"alignnone size-full wp-image-9053\" src=\"http:\/\/fundacjaoda.pl\/wp-content\/uploads\/2016\/10\/Wolomin_sepia-na-dole.jpg\" alt=\"wolomin_sepia-na-dole\" width=\"5%\" height=\"5%\" align=\"right\"><\/a>dzia\u0142a\u0144 wspieraj\u0105cych edukacj\u0119 kulturaln\u0105 oraz popularyzacj\u0119 dziedzictwa historycznego Wo\u0142omina&#8221;<\/em> finansowanego przez Gmin\u0119 Wo\u0142omin.<\/p>\n\n\n\n<p><em>Dodano 08.12.2024 r.<\/em><\/p>\n","protected":false},"excerpt":{"rendered":"<p>To b\u0119dzie ju\u017c ostatni w tym roku kalendarzowym Podwieczorek muzyczny dla dzieci, kt\u00f3ry odb\u0119dzie si\u0119, jak zwykle, w Izbie Muzealnej Wodiczk\u00f3w w Wo\u0142ominie. W Podwieczorku wyst\u0105pi\u0105 Anna Kornacka (fortepian) i Beata Kierzkowska (flet). Spotkanie poprowadzi Ma\u0142gorzata Chmielewska. Serdecznie zapraszamy w niedziel\u0119 15 grudnia 2024 r. o godz. 16:30. Wst\u0119p wolny. \u2026 <a href=\"http:\/\/fundacjaoda.pl\/?p=20270\"> Continue reading <span class=\"meta-nav\">&rarr; <\/span><\/a><\/p>\n","protected":false},"author":1,"featured_media":0,"comment_status":"closed","ping_status":"closed","sticky":false,"template":"","format":"standard","meta":[],"categories":[2,3,18,22,20],"tags":[],"_links":{"self":[{"href":"http:\/\/fundacjaoda.pl\/index.php?rest_route=\/wp\/v2\/posts\/20270"}],"collection":[{"href":"http:\/\/fundacjaoda.pl\/index.php?rest_route=\/wp\/v2\/posts"}],"about":[{"href":"http:\/\/fundacjaoda.pl\/index.php?rest_route=\/wp\/v2\/types\/post"}],"author":[{"embeddable":true,"href":"http:\/\/fundacjaoda.pl\/index.php?rest_route=\/wp\/v2\/users\/1"}],"replies":[{"embeddable":true,"href":"http:\/\/fundacjaoda.pl\/index.php?rest_route=%2Fwp%2Fv2%2Fcomments&post=20270"}],"version-history":[{"count":6,"href":"http:\/\/fundacjaoda.pl\/index.php?rest_route=\/wp\/v2\/posts\/20270\/revisions"}],"predecessor-version":[{"id":20276,"href":"http:\/\/fundacjaoda.pl\/index.php?rest_route=\/wp\/v2\/posts\/20270\/revisions\/20276"}],"wp:attachment":[{"href":"http:\/\/fundacjaoda.pl\/index.php?rest_route=%2Fwp%2Fv2%2Fmedia&parent=20270"}],"wp:term":[{"taxonomy":"category","embeddable":true,"href":"http:\/\/fundacjaoda.pl\/index.php?rest_route=%2Fwp%2Fv2%2Fcategories&post=20270"},{"taxonomy":"post_tag","embeddable":true,"href":"http:\/\/fundacjaoda.pl\/index.php?rest_route=%2Fwp%2Fv2%2Ftags&post=20270"}],"curies":[{"name":"wp","href":"https:\/\/api.w.org\/{rel}","templated":true}]}}