{"id":20197,"date":"2024-10-29T09:53:16","date_gmt":"2024-10-29T08:53:16","guid":{"rendered":"http:\/\/fundacjaoda.pl\/?p=20197"},"modified":"2024-10-29T10:41:48","modified_gmt":"2024-10-29T09:41:48","slug":"historyczny-spacer-po-wolominie","status":"publish","type":"post","link":"http:\/\/fundacjaoda.pl\/?p=20197","title":{"rendered":"Historyczny spacer po Wo\u0142ominie"},"content":{"rendered":"\n<p><a href=\"http:\/\/fundacjaoda.pl\/wp-content\/uploads\/2024\/10\/Spacer-po-Wolominie_10-2024.jpg\"><img loading=\"lazy\" class=\"alignnone size-medium wp-image-18854\" style=\"margin-right: 10px;\" src=\"http:\/\/fundacjaoda.pl\/wp-content\/uploads\/2024\/10\/Spacer-po-Wolominie_10-2024.jpg\" width=\"20%\" height=\"20%\" align=\"left\"><\/a>Uczniowie klasy VII b ze Szko\u0142y Podstawowej nr 2 im. Ignacego \u0141ukasiewicza w Wo\u0142ominie wraz z wychowawc\u0105 wezm\u0105 udzia\u0142 w zaplanowanym na 16 pa\u017adziernika jesiennym spacerze po naszym mie\u015bcie. Przewodnik zapozna uczni\u00f3w z histori\u0105 Wo\u0142omina i s\u0142awnymi postaciami zwi\u0105zanymi z miastem. Przeka\u017ce tak\u017ce wiele ciekawostek i&nbsp;anegdot. Na zako\u0144czenie uczniowie wezm\u0105 udzia\u0142 w te\u015bcie wiedzy o Wo\u0142ominie.\n\n<p>Wydarzenie b\u0119dzie realizowane w ramach projektu <em>&#8222;Prowadzenie <a href=\"http:\/\/fundacjaoda.pl\/wp-content\/uploads\/2016\/10\/Wolomin_sepia-na-dole.jpg\"><img loading=\"lazy\" class=\"alignnone size-full wp-image-9053\" src=\"http:\/\/fundacjaoda.pl\/wp-content\/uploads\/2016\/10\/Wolomin_sepia-na-dole.jpg\" alt=\"wolomin_sepia-na-dole\" width=\"5%\" height=\"5%\" align=\"right\"><\/a>dzia\u0142a\u0144 wspieraj\u0105cych edukacj\u0119 kulturaln\u0105 oraz popularyzacj\u0119 dziedzictwa historycznego Wo\u0142omina&#8221;<\/em> finansowanego przez Gmin\u0119 Wo\u0142omin.<\/p>\n<p><em>Dodano 14.10.2024 r.<\/em><\/p>\n","protected":false},"excerpt":{"rendered":"<p>Uczniowie klasy VII b ze Szko\u0142y Podstawowej nr 2 im. Ignacego \u0141ukasiewicza w Wo\u0142ominie wraz z wychowawc\u0105 wezm\u0105 udzia\u0142 w zaplanowanym na 16 pa\u017adziernika jesiennym spacerze po naszym mie\u015bcie. Przewodnik zapozna uczni\u00f3w z histori\u0105 Wo\u0142omina i s\u0142awnymi postaciami zwi\u0105zanymi z miastem. Przeka\u017ce tak\u017ce wiele ciekawostek i&nbsp;anegdot. Na zako\u0144czenie uczniowie wezm\u0105 \u2026 <a href=\"http:\/\/fundacjaoda.pl\/?p=20197\"> Continue reading <span class=\"meta-nav\">&rarr; <\/span><\/a><\/p>\n","protected":false},"author":1,"featured_media":0,"comment_status":"closed","ping_status":"closed","sticky":false,"template":"","format":"standard","meta":[],"categories":[2,3,6,22,20],"tags":[],"_links":{"self":[{"href":"http:\/\/fundacjaoda.pl\/index.php?rest_route=\/wp\/v2\/posts\/20197"}],"collection":[{"href":"http:\/\/fundacjaoda.pl\/index.php?rest_route=\/wp\/v2\/posts"}],"about":[{"href":"http:\/\/fundacjaoda.pl\/index.php?rest_route=\/wp\/v2\/types\/post"}],"author":[{"embeddable":true,"href":"http:\/\/fundacjaoda.pl\/index.php?rest_route=\/wp\/v2\/users\/1"}],"replies":[{"embeddable":true,"href":"http:\/\/fundacjaoda.pl\/index.php?rest_route=%2Fwp%2Fv2%2Fcomments&post=20197"}],"version-history":[{"count":10,"href":"http:\/\/fundacjaoda.pl\/index.php?rest_route=\/wp\/v2\/posts\/20197\/revisions"}],"predecessor-version":[{"id":20234,"href":"http:\/\/fundacjaoda.pl\/index.php?rest_route=\/wp\/v2\/posts\/20197\/revisions\/20234"}],"wp:attachment":[{"href":"http:\/\/fundacjaoda.pl\/index.php?rest_route=%2Fwp%2Fv2%2Fmedia&parent=20197"}],"wp:term":[{"taxonomy":"category","embeddable":true,"href":"http:\/\/fundacjaoda.pl\/index.php?rest_route=%2Fwp%2Fv2%2Fcategories&post=20197"},{"taxonomy":"post_tag","embeddable":true,"href":"http:\/\/fundacjaoda.pl\/index.php?rest_route=%2Fwp%2Fv2%2Ftags&post=20197"}],"curies":[{"name":"wp","href":"https:\/\/api.w.org\/{rel}","templated":true}]}}