{"id":20181,"date":"2024-10-05T14:48:51","date_gmt":"2024-10-05T12:48:51","guid":{"rendered":"http:\/\/fundacjaoda.pl\/?p=20181"},"modified":"2024-10-29T10:44:26","modified_gmt":"2024-10-29T09:44:26","slug":"podwieczorek-muzyczny-dla-dzieci-herbatka-u-fryderyka","status":"publish","type":"post","link":"http:\/\/fundacjaoda.pl\/?p=20181","title":{"rendered":"Podwieczorek muzyczny dla dzieci &#8211; Herbatka u Fryderyka"},"content":{"rendered":"\n<p><a href=\"http:\/\/fundacjaoda.pl\/wp-content\/uploads\/2024\/08\/Podwieczorki-dla-dzieci_1.jpg\"><img loading=\"lazy\" class=\"alignnone size-medium wp-image-18854\" style=\"margin-right: 10px;\" src=\"http:\/\/fundacjaoda.pl\/wp-content\/uploads\/2024\/08\/Podwieczorki-dla-dzieci_1.jpg\" width=\"20%\" height=\"20%\" align=\"left\"><\/a>Na kolejne spotkanie z najm\u0142odszymi melomanami zosta\u0142 przygotowany program, na kt\u00f3ry z\u0142o\u017c\u0105 si\u0119 utwory Fryderyka Chopina w aran\u017cacji na flet i fortepian. W&nbsp;Podwieczorku muzycznym dla dzieci wyst\u0105pi\u0105 <strong><a href=\"http:\/\/fundacjaoda.pl\/?page_id=5609\">Anna Kornacka<\/a> <\/strong>(fortepian) i <strong><a href=\"http:\/\/fundacjaoda.pl\/?page_id=8983\">Beata Kierzkowska<\/a><\/strong> (flet). Spotkanie poprowadzi <strong><a href=\"http:\/\/fundacjaoda.pl\/?page_id=19445\">Ma\u0142gorzata Chmielewska<\/a><\/strong>.<br><br><br>\n<strong>Serdecznie zapraszamy do Izby Muzelnej Wodiczk\u00f3w w Wo\u0142ominie w  niedziel\u0119 20 pa\u017cdziernika o godzinie 16:30. Wst\u0119p wolny.<\/strong><\/p>\n\n\n\n\n\n<p>Wydarzenie jest realizowane w ramach projektu <em>&#8222;Prowadzenie <a href=\"http:\/\/fundacjaoda.pl\/wp-content\/uploads\/2016\/10\/Wolomin_sepia-na-dole.jpg\"><img loading=\"lazy\" class=\"alignnone size-full wp-image-9053\" src=\"http:\/\/fundacjaoda.pl\/wp-content\/uploads\/2016\/10\/Wolomin_sepia-na-dole.jpg\" alt=\"wolomin_sepia-na-dole\" width=\"5%\" height=\"5%\" align=\"right\"><\/a>dzia\u0142a\u0144 wspieraj\u0105cych edukacj\u0119 kulturaln\u0105 oraz popularyzacj\u0119 dziedzictwa historycznego Wo\u0142omina&#8221;<\/em> finansowanego przez Gmin\u0119 Wo\u0142omin.<\/p>\n<em>Dodano 11.10.2024 r.<\/em>\n","protected":false},"excerpt":{"rendered":"<p>Na kolejne spotkanie z najm\u0142odszymi melomanami zosta\u0142 przygotowany program, na kt\u00f3ry z\u0142o\u017c\u0105 si\u0119 utwory Fryderyka Chopina w aran\u017cacji na flet i fortepian. W&nbsp;Podwieczorku muzycznym dla dzieci wyst\u0105pi\u0105 Anna Kornacka (fortepian) i Beata Kierzkowska (flet). Spotkanie poprowadzi Ma\u0142gorzata Chmielewska. Serdecznie zapraszamy do Izby Muzelnej Wodiczk\u00f3w w Wo\u0142ominie w niedziel\u0119 20 pa\u017cdziernika \u2026 <a href=\"http:\/\/fundacjaoda.pl\/?p=20181\"> Continue reading <span class=\"meta-nav\">&rarr; <\/span><\/a><\/p>\n","protected":false},"author":1,"featured_media":0,"comment_status":"closed","ping_status":"closed","sticky":false,"template":"","format":"standard","meta":[],"categories":[2,3,18,22,20],"tags":[],"_links":{"self":[{"href":"http:\/\/fundacjaoda.pl\/index.php?rest_route=\/wp\/v2\/posts\/20181"}],"collection":[{"href":"http:\/\/fundacjaoda.pl\/index.php?rest_route=\/wp\/v2\/posts"}],"about":[{"href":"http:\/\/fundacjaoda.pl\/index.php?rest_route=\/wp\/v2\/types\/post"}],"author":[{"embeddable":true,"href":"http:\/\/fundacjaoda.pl\/index.php?rest_route=\/wp\/v2\/users\/1"}],"replies":[{"embeddable":true,"href":"http:\/\/fundacjaoda.pl\/index.php?rest_route=%2Fwp%2Fv2%2Fcomments&post=20181"}],"version-history":[{"count":16,"href":"http:\/\/fundacjaoda.pl\/index.php?rest_route=\/wp\/v2\/posts\/20181\/revisions"}],"predecessor-version":[{"id":20238,"href":"http:\/\/fundacjaoda.pl\/index.php?rest_route=\/wp\/v2\/posts\/20181\/revisions\/20238"}],"wp:attachment":[{"href":"http:\/\/fundacjaoda.pl\/index.php?rest_route=%2Fwp%2Fv2%2Fmedia&parent=20181"}],"wp:term":[{"taxonomy":"category","embeddable":true,"href":"http:\/\/fundacjaoda.pl\/index.php?rest_route=%2Fwp%2Fv2%2Fcategories&post=20181"},{"taxonomy":"post_tag","embeddable":true,"href":"http:\/\/fundacjaoda.pl\/index.php?rest_route=%2Fwp%2Fv2%2Ftags&post=20181"}],"curies":[{"name":"wp","href":"https:\/\/api.w.org\/{rel}","templated":true}]}}