{"id":20159,"date":"2024-09-21T19:28:44","date_gmt":"2024-09-21T17:28:44","guid":{"rendered":"http:\/\/fundacjaoda.pl\/?p=20159"},"modified":"2024-09-21T19:39:34","modified_gmt":"2024-09-21T17:39:34","slug":"historyczny-spacer-po-wolominku","status":"publish","type":"post","link":"http:\/\/fundacjaoda.pl\/?p=20159","title":{"rendered":"Historyczny spacer po Wo\u0142ominku"},"content":{"rendered":"\n<p><a href=\"http:\/\/fundacjaoda.pl\/wp-content\/uploads\/2024\/09\/WillaDanuta1a.jpg\"><img loading=\"lazy\" class=\"alignnone size-medium wp-image-18854\" style=\"margin-right: 10px;\" src=\"http:\/\/fundacjaoda.pl\/wp-content\/uploads\/2024\/09\/WillaDanuta1a.jpg\" width=\"20%\" height=\"20%\" align=\"left\"><\/a>Serdecznie zapraszamy  na historyczny spacer  pod tytu\u0142em \u201eWo\u0142ominek szlakiem przodk\u00f3w\u201d. Trasa b\u0119dzie przebiega\u0142a wzd\u0142u\u017c ulic J. Pi\u0142sudskiego, Lwowskiej, \u015aredniej, Parkowej, Al. Armii Krajowej. Uczestnikom spaceru przybli\u017cymy fantastyczn\u0105 histori\u0119 dawnego letniska, przedwojennych willi i znakomitych przodk\u00f3w, kt\u00f3rzy przed laty tu mieszkali i budowali t\u0119 cz\u0119\u015b\u0107 Wo\u0142omina. Spacer potrwa oko\u0142o 2 godzin. Spotkanie rozpoczniemy o godzinie 10:00 przy ulicy J. Pi\u0142sudskiego 1 (przy torach kolejowych), a zako\u0144czymy w Izbie Muzealnej Wodiczk\u00f3w (Al. Armii Krajowej 43).<\/p>\n<p><strong>Serdecznie zapraszamy w niedziel\u0119 29 wrze\u015bnia 2024 r. Udzia\u0142 w wydarzeniu jest bezp\u0142atny.<\/strong><\/p>\n\n\n\n<p>Wydarzenie jest realizowane w ramach projektu <em>&#8222;Prowadzenie <a href=\"http:\/\/fundacjaoda.pl\/wp-content\/uploads\/2016\/10\/Wolomin_sepia-na-dole.jpg\"><img loading=\"lazy\" class=\"alignnone size-full wp-image-9053\" src=\"http:\/\/fundacjaoda.pl\/wp-content\/uploads\/2016\/10\/Wolomin_sepia-na-dole.jpg\" alt=\"wolomin_sepia-na-dole\" width=\"5%\" height=\"5%\" align=\"right\"><\/a>dzia\u0142a\u0144 wspieraj\u0105cych edukacj\u0119 kulturaln\u0105 oraz popularyzacj\u0119 dziedzictwa historycznego Wo\u0142omina&#8221;<\/em> finansowanego przez Gmin\u0119 Wo\u0142omin.<\/p>\n\n\n\n<p><em>Dodano 21.09.2024 r.<\/em><\/p>\n","protected":false},"excerpt":{"rendered":"<p>Serdecznie zapraszamy na historyczny spacer pod tytu\u0142em \u201eWo\u0142ominek szlakiem przodk\u00f3w\u201d. Trasa b\u0119dzie przebiega\u0142a wzd\u0142u\u017c ulic J. Pi\u0142sudskiego, Lwowskiej, \u015aredniej, Parkowej, Al. Armii Krajowej. Uczestnikom spaceru przybli\u017cymy fantastyczn\u0105 histori\u0119 dawnego letniska, przedwojennych willi i znakomitych przodk\u00f3w, kt\u00f3rzy przed laty tu mieszkali i budowali t\u0119 cz\u0119\u015b\u0107 Wo\u0142omina. Spacer potrwa oko\u0142o 2 godzin. \u2026 <a href=\"http:\/\/fundacjaoda.pl\/?p=20159\"> Continue reading <span class=\"meta-nav\">&rarr; <\/span><\/a><\/p>\n","protected":false},"author":1,"featured_media":0,"comment_status":"closed","ping_status":"closed","sticky":false,"template":"","format":"standard","meta":[],"categories":[2,26,3,22,20],"tags":[],"_links":{"self":[{"href":"http:\/\/fundacjaoda.pl\/index.php?rest_route=\/wp\/v2\/posts\/20159"}],"collection":[{"href":"http:\/\/fundacjaoda.pl\/index.php?rest_route=\/wp\/v2\/posts"}],"about":[{"href":"http:\/\/fundacjaoda.pl\/index.php?rest_route=\/wp\/v2\/types\/post"}],"author":[{"embeddable":true,"href":"http:\/\/fundacjaoda.pl\/index.php?rest_route=\/wp\/v2\/users\/1"}],"replies":[{"embeddable":true,"href":"http:\/\/fundacjaoda.pl\/index.php?rest_route=%2Fwp%2Fv2%2Fcomments&post=20159"}],"version-history":[{"count":7,"href":"http:\/\/fundacjaoda.pl\/index.php?rest_route=\/wp\/v2\/posts\/20159\/revisions"}],"predecessor-version":[{"id":20167,"href":"http:\/\/fundacjaoda.pl\/index.php?rest_route=\/wp\/v2\/posts\/20159\/revisions\/20167"}],"wp:attachment":[{"href":"http:\/\/fundacjaoda.pl\/index.php?rest_route=%2Fwp%2Fv2%2Fmedia&parent=20159"}],"wp:term":[{"taxonomy":"category","embeddable":true,"href":"http:\/\/fundacjaoda.pl\/index.php?rest_route=%2Fwp%2Fv2%2Fcategories&post=20159"},{"taxonomy":"post_tag","embeddable":true,"href":"http:\/\/fundacjaoda.pl\/index.php?rest_route=%2Fwp%2Fv2%2Ftags&post=20159"}],"curies":[{"name":"wp","href":"https:\/\/api.w.org\/{rel}","templated":true}]}}