{"id":20133,"date":"2024-08-19T09:56:35","date_gmt":"2024-08-19T07:56:35","guid":{"rendered":"http:\/\/fundacjaoda.pl\/?p=20133"},"modified":"2026-04-24T14:34:46","modified_gmt":"2026-04-24T12:34:46","slug":"podwieczorek-muzyczny-dla-dzieci-6","status":"publish","type":"post","link":"http:\/\/fundacjaoda.pl\/?p=20133","title":{"rendered":"Podwieczorek muzyczny dla dzieci"},"content":{"rendered":"\n<p><a href=\"http:\/\/fundacjaoda.pl\/wp-content\/uploads\/2024\/08\/Podwieczorki-dla-dzieci_1.jpg\"><img loading=\"lazy\" width=\"20%\" height=\"20%\" align=\"left\" class=\"alignnone size-medium wp-image-18854\" style=\"margin-right: 10px;\" src=\"http:\/\/fundacjaoda.pl\/wp-content\/uploads\/2024\/08\/Podwieczorki-dla-dzieci_1.jpg\"><\/a>Z rado\u015bci\u0105 informujemy, \u017ce po wakacyjnej przerwie wznawiamy cykl spotka\u0144 z najm\u0142odszymi melomanami. W\u00a0kolejnym Podwieczorku muzycznym dla dzieci <strong><a href=\"http:\/\/fundacjaoda.pl\/?page_id=5609\">Anna Kornacka<\/a> <\/strong>(fortepian) i <strong><a href=\"http:\/\/fundacjaoda.pl\/?page_id=8983\">Beata Kierzkowska<\/a><\/strong> (flet). Spotkanie poprowadzi <strong><a href=\"http:\/\/fundacjaoda.pl\/?page_id=19445\">Ma\u0142gorzata Chmielewska<\/a><\/strong>.<\/p>\n\n\n\n<p><strong>Serdecznie zapraszamy do Izby Muzelnej Wodiczk\u00f3w w Wo\u0142ominie w  niedziel\u0119 8 wrze\u015bnia o godzinie 16:30. Wst\u0119p wolny.<\/strong><\/p>\n\n\n\n<p>Wydarzenie jest realizowane w ramach projektu <em>&#8222;Prowadzenie <a href=\"http:\/\/fundacjaoda.pl\/wp-content\/uploads\/2016\/10\/Wolomin_sepia-na-dole.jpg\"><img loading=\"lazy\" class=\"alignnone size-full wp-image-9053\" src=\"http:\/\/fundacjaoda.pl\/wp-content\/uploads\/2016\/10\/Wolomin_sepia-na-dole.jpg\" alt=\"wolomin_sepia-na-dole\" width=\"5%\" height=\"5%\" align=\"right\"><\/a>dzia\u0142a\u0144 wspieraj\u0105cych edukacj\u0119 kulturaln\u0105 oraz popularyzacj\u0119 dziedzictwa historycznego Wo\u0142omina&#8221;<\/em> finansowanego przez Gmin\u0119 Wo\u0142omin.<\/p>\n\n\n\n<p><em>Dodano 19.08.2024 r.<\/em><\/p>\n","protected":false},"excerpt":{"rendered":"<p>Z rado\u015bci\u0105 informujemy, \u017ce po wakacyjnej przerwie wznawiamy cykl spotka\u0144 z najm\u0142odszymi melomanami. W\u00a0kolejnym Podwieczorku muzycznym dla dzieci Anna Kornacka (fortepian) i Beata Kierzkowska (flet). Spotkanie poprowadzi Ma\u0142gorzata Chmielewska. Serdecznie zapraszamy do Izby Muzelnej Wodiczk\u00f3w w Wo\u0142ominie w niedziel\u0119 8 wrze\u015bnia o godzinie 16:30. Wst\u0119p wolny. Wydarzenie jest realizowane w \u2026 <a href=\"http:\/\/fundacjaoda.pl\/?p=20133\"> Continue reading <span class=\"meta-nav\">&rarr; <\/span><\/a><\/p>\n","protected":false},"author":1,"featured_media":0,"comment_status":"closed","ping_status":"closed","sticky":false,"template":"","format":"standard","meta":[],"categories":[2,3,18,22,20],"tags":[],"_links":{"self":[{"href":"http:\/\/fundacjaoda.pl\/index.php?rest_route=\/wp\/v2\/posts\/20133"}],"collection":[{"href":"http:\/\/fundacjaoda.pl\/index.php?rest_route=\/wp\/v2\/posts"}],"about":[{"href":"http:\/\/fundacjaoda.pl\/index.php?rest_route=\/wp\/v2\/types\/post"}],"author":[{"embeddable":true,"href":"http:\/\/fundacjaoda.pl\/index.php?rest_route=\/wp\/v2\/users\/1"}],"replies":[{"embeddable":true,"href":"http:\/\/fundacjaoda.pl\/index.php?rest_route=%2Fwp%2Fv2%2Fcomments&post=20133"}],"version-history":[{"count":10,"href":"http:\/\/fundacjaoda.pl\/index.php?rest_route=\/wp\/v2\/posts\/20133\/revisions"}],"predecessor-version":[{"id":20858,"href":"http:\/\/fundacjaoda.pl\/index.php?rest_route=\/wp\/v2\/posts\/20133\/revisions\/20858"}],"wp:attachment":[{"href":"http:\/\/fundacjaoda.pl\/index.php?rest_route=%2Fwp%2Fv2%2Fmedia&parent=20133"}],"wp:term":[{"taxonomy":"category","embeddable":true,"href":"http:\/\/fundacjaoda.pl\/index.php?rest_route=%2Fwp%2Fv2%2Fcategories&post=20133"},{"taxonomy":"post_tag","embeddable":true,"href":"http:\/\/fundacjaoda.pl\/index.php?rest_route=%2Fwp%2Fv2%2Ftags&post=20133"}],"curies":[{"name":"wp","href":"https:\/\/api.w.org\/{rel}","templated":true}]}}