{"id":19056,"date":"2022-05-10T14:33:31","date_gmt":"2022-05-10T12:33:31","guid":{"rendered":"http:\/\/fundacjaoda.pl\/?p=19056"},"modified":"2022-05-10T15:50:19","modified_gmt":"2022-05-10T13:50:19","slug":"noc-muzeow-o-ludziach-ulicach-i-domach-ktorych-nie-ma","status":"publish","type":"post","link":"http:\/\/fundacjaoda.pl\/?p=19056","title":{"rendered":"Noc Muze\u00f3w &#8211; O ludziach, ulicach i domach, kt\u00f3rych nie ma"},"content":{"rendered":"\n<p><a href=\"http:\/\/fundacjaoda.pl\/wp-content\/uploads\/2022\/05\/Ulica-Koscielna.jpg\"><img loading=\"lazy\" class=\"alignnone size-medium wp-image-19006\" style=\"margin-right: 10px;\" src=\"http:\/\/fundacjaoda.pl\/wp-content\/uploads\/2022\/05\/Ulica-Koscielna.jpg\" width=\"20%\" height=\"20%\" align=\"left\"><\/a>W najbli\u017cszy weekend, z soboty na nadziel\u0119 14-15 maja, w Izbie Muzelanej Wodiczk\u00f3w odb\u0119dzie si\u0119 Noc Muze\u00f3w, impreza kulturalna, polegaj\u0105ca na udost\u0119pnianiu wn\u0119trz Izby Muzealnej Wodiczk\u00f3w w godzinach nocnych. <\/p>\n\n\n\n<p>Fundacja ODA przygotowa\u0142a na t\u0119 okazj\u0119 specjalny program zwi\u0105zany z histori\u0105 Wo\u0142omina:<\/p>\n\n\n\n<p>&#8211; prezentacja historycznych zdj\u0119\u0107 Wo\u0142omina ze zbior\u00f3w Piotra Lacha,<br>&#8211; wystawa starych kamer filmowych i aparat\u00f3w fotograficznych ze zbior\u00f3w Krzysztofa D\u0105browskiego,<br>&#8211; projekcja film\u00f3w o Wo\u0142ominie.<\/p>\n\n\n\n<p>Wst\u0119p wolny.<\/p>\n\n\n\n<p><em>Dodano 10.05.2022 r.<\/em><\/p>\n","protected":false},"excerpt":{"rendered":"<p>W najbli\u017cszy weekend, z soboty na nadziel\u0119 14-15 maja, w Izbie Muzelanej Wodiczk\u00f3w odb\u0119dzie si\u0119 Noc Muze\u00f3w, impreza kulturalna, polegaj\u0105ca na udost\u0119pnianiu wn\u0119trz Izby Muzealnej Wodiczk\u00f3w w godzinach nocnych. Fundacja ODA przygotowa\u0142a na t\u0119 okazj\u0119 specjalny program zwi\u0105zany z histori\u0105 Wo\u0142omina: &#8211; prezentacja historycznych zdj\u0119\u0107 Wo\u0142omina ze zbior\u00f3w Piotra Lacha,&#8211; \u2026 <a href=\"http:\/\/fundacjaoda.pl\/?p=19056\"> Continue reading <span class=\"meta-nav\">&rarr; <\/span><\/a><\/p>\n","protected":false},"author":1,"featured_media":0,"comment_status":"closed","ping_status":"closed","sticky":false,"template":"","format":"standard","meta":[],"categories":[2,3],"tags":[],"_links":{"self":[{"href":"http:\/\/fundacjaoda.pl\/index.php?rest_route=\/wp\/v2\/posts\/19056"}],"collection":[{"href":"http:\/\/fundacjaoda.pl\/index.php?rest_route=\/wp\/v2\/posts"}],"about":[{"href":"http:\/\/fundacjaoda.pl\/index.php?rest_route=\/wp\/v2\/types\/post"}],"author":[{"embeddable":true,"href":"http:\/\/fundacjaoda.pl\/index.php?rest_route=\/wp\/v2\/users\/1"}],"replies":[{"embeddable":true,"href":"http:\/\/fundacjaoda.pl\/index.php?rest_route=%2Fwp%2Fv2%2Fcomments&post=19056"}],"version-history":[{"count":10,"href":"http:\/\/fundacjaoda.pl\/index.php?rest_route=\/wp\/v2\/posts\/19056\/revisions"}],"predecessor-version":[{"id":19067,"href":"http:\/\/fundacjaoda.pl\/index.php?rest_route=\/wp\/v2\/posts\/19056\/revisions\/19067"}],"wp:attachment":[{"href":"http:\/\/fundacjaoda.pl\/index.php?rest_route=%2Fwp%2Fv2%2Fmedia&parent=19056"}],"wp:term":[{"taxonomy":"category","embeddable":true,"href":"http:\/\/fundacjaoda.pl\/index.php?rest_route=%2Fwp%2Fv2%2Fcategories&post=19056"},{"taxonomy":"post_tag","embeddable":true,"href":"http:\/\/fundacjaoda.pl\/index.php?rest_route=%2Fwp%2Fv2%2Ftags&post=19056"}],"curies":[{"name":"wp","href":"https:\/\/api.w.org\/{rel}","templated":true}]}}