{"id":18729,"date":"2021-10-12T10:48:39","date_gmt":"2021-10-12T08:48:39","guid":{"rendered":"http:\/\/fundacjaoda.pl\/?p=18729"},"modified":"2021-10-15T22:25:06","modified_gmt":"2021-10-15T20:25:06","slug":"wolomin-with-love-wieczor-muzyczny","status":"publish","type":"post","link":"http:\/\/fundacjaoda.pl\/?p=18729","title":{"rendered":"Wo\u0142omin With Love &#8211; wiecz\u00f3r muzyczny"},"content":{"rendered":"\n<p><a href=\"http:\/\/fundacjaoda.pl\/wp-content\/uploads\/2021\/10\/Logo_kolor.jpg\"><img loading=\"lazy\" class=\"alignnone size-medium wp-image-18731\" style=\"margin-right: 10px;\" src=\"http:\/\/fundacjaoda.pl\/wp-content\/uploads\/2021\/10\/Logo_kolor.jpg\" alt=\"Logo\" width=\"20%\" height=\"20%\" align=\"left\" srcset=\"http:\/\/fundacjaoda.pl\/wp-content\/uploads\/2021\/10\/Logo_kolor.jpg 525w, http:\/\/fundacjaoda.pl\/wp-content\/uploads\/2021\/10\/Logo_kolor-100x100.jpg 100w, http:\/\/fundacjaoda.pl\/wp-content\/uploads\/2021\/10\/Logo_kolor-150x150.jpg 150w\" sizes=\"(max-width: 525px) 100vw, 525px\" \/><\/a>W ramach obchod\u00f3w 10-lecia istnienia Izby Muzealnej Wodiczk\u00f3w odby\u0142 si\u0119 koncert pt. <em>&#8222;Wo\u0142omin With Love&#8221;<\/em>. G\u0142\u00f3wnym celem Fundacji ODA zawsze by\u0142a popularyzacja dokona\u0144 zawodowych i spo\u0142ecznych rodziny Wodiczk\u00f3w, a poprzez to r\u00f3wnie\u017c promocja Wo\u0142omina. Podczas koncertu zaprezentowali\u015bmy go\u015bciom piosenki o&nbsp;Wo\u0142ominie, dla kt\u00f3rych t\u0142o stanowi\u0142y filmy wideo i zdj\u0119cia naszego miasta. Realizacja videoclip\u00f3w by\u0142a mo\u017cliwa dzi\u0119ki dofinansowaniu Gminy Wolomin w ramach projektu <em>&#8222;Prowadzenie dzia\u0142a\u0144 wspieraj\u0105cych edukacj\u0119 kulturaln\u0105 oraz popularyzacj\u0119 dziedzictwa historycznego Wo\u0142omina&#8221;<\/em>. Ryszard Matusiewicz, autor tekst\u00f3w i muzyki wszystkich utworow zaprezentowanych podczas koncertu inspirowa\u0142 si\u0119 skojarzeniami go\u015bci Izby Muzealnej Wodiczk\u00f3w na temat Wo\u0142omina oraz projektami realizowanymi przez Fundacj\u0119 ODA. Tak powsta\u0142y nast\u0119puj\u0105ce utwory: <em>&#8222;Wo\u0142omin With Love&#8221;<\/em>, <em>&#8222;Stacja Wo\u0142omin&#8221;<\/em>, <em>&#8222;Deszczowa piosenka&#8221;<\/em>, <em>&#8222;Twoja i moja historia&#8221;<\/em>, <em>&#8222;Magnolie&#8221;<\/em> i&nbsp;<em>&#8222;A&nbsp;w tej Izbie&#8221;<\/em>.<\/p>\n<p>Wiecz\u00f3r by\u0142 znakomit\u0105 okazj\u0105 do podsumowania dotychczasowej dzia\u0142alno\u015bci Izby i mo\u017cliwo\u015bci\u0105 z\u0142o\u017ceznia wyraz\u00f3w wdzi\u0119czno\u015bci i&nbsp;podzi\u0119kowania za ogromne zaanga\u017cowanie i wieloletnie wsparcie wszystkim wiernym Izbie darczy\u0144com, instytucjom samorz\u0105dowym, wolontariuszom i ca\u0142emu zespo\u0142owi fundacyjnemu. <a rel=\"noreferrer noopener\" href=\"http:\/\/fundacjaoda.pl\/?page_id=18820\" target=\"_blank\"> <b>Fotorelacja<\/b><\/a><\/p>\n\n<em>Dodano 03.10.2021 r.<\/em>\n","protected":false},"excerpt":{"rendered":"<p>W ramach obchod\u00f3w 10-lecia istnienia Izby Muzealnej Wodiczk\u00f3w odby\u0142 si\u0119 koncert pt. &#8222;Wo\u0142omin With Love&#8221;. G\u0142\u00f3wnym celem Fundacji ODA zawsze by\u0142a popularyzacja dokona\u0144 zawodowych i spo\u0142ecznych rodziny Wodiczk\u00f3w, a poprzez to r\u00f3wnie\u017c promocja Wo\u0142omina. Podczas koncertu zaprezentowali\u015bmy go\u015bciom piosenki o&nbsp;Wo\u0142ominie, dla kt\u00f3rych t\u0142o stanowi\u0142y filmy wideo i zdj\u0119cia naszego miasta. \u2026 <a href=\"http:\/\/fundacjaoda.pl\/?p=18729\"> Continue reading <span class=\"meta-nav\">&rarr; <\/span><\/a><\/p>\n","protected":false},"author":1,"featured_media":0,"comment_status":"closed","ping_status":"closed","sticky":false,"template":"","format":"standard","meta":[],"categories":[3,22,8],"tags":[],"_links":{"self":[{"href":"http:\/\/fundacjaoda.pl\/index.php?rest_route=\/wp\/v2\/posts\/18729"}],"collection":[{"href":"http:\/\/fundacjaoda.pl\/index.php?rest_route=\/wp\/v2\/posts"}],"about":[{"href":"http:\/\/fundacjaoda.pl\/index.php?rest_route=\/wp\/v2\/types\/post"}],"author":[{"embeddable":true,"href":"http:\/\/fundacjaoda.pl\/index.php?rest_route=\/wp\/v2\/users\/1"}],"replies":[{"embeddable":true,"href":"http:\/\/fundacjaoda.pl\/index.php?rest_route=%2Fwp%2Fv2%2Fcomments&post=18729"}],"version-history":[{"count":15,"href":"http:\/\/fundacjaoda.pl\/index.php?rest_route=\/wp\/v2\/posts\/18729\/revisions"}],"predecessor-version":[{"id":18826,"href":"http:\/\/fundacjaoda.pl\/index.php?rest_route=\/wp\/v2\/posts\/18729\/revisions\/18826"}],"wp:attachment":[{"href":"http:\/\/fundacjaoda.pl\/index.php?rest_route=%2Fwp%2Fv2%2Fmedia&parent=18729"}],"wp:term":[{"taxonomy":"category","embeddable":true,"href":"http:\/\/fundacjaoda.pl\/index.php?rest_route=%2Fwp%2Fv2%2Fcategories&post=18729"},{"taxonomy":"post_tag","embeddable":true,"href":"http:\/\/fundacjaoda.pl\/index.php?rest_route=%2Fwp%2Fv2%2Ftags&post=18729"}],"curies":[{"name":"wp","href":"https:\/\/api.w.org\/{rel}","templated":true}]}}