{"id":18009,"date":"2019-06-18T11:52:46","date_gmt":"2019-06-18T09:52:46","guid":{"rendered":"http:\/\/fundacjaoda.pl\/?p=18009"},"modified":"2019-09-16T16:34:19","modified_gmt":"2019-09-16T14:34:19","slug":"przedszkolak-w-muzeum-2","status":"publish","type":"post","link":"http:\/\/fundacjaoda.pl\/?p=18009","title":{"rendered":"Przedszkolak w muzeum"},"content":{"rendered":"<p><a href=\"http:\/\/fundacjaoda.pl\/wp-content\/uploads\/2019\/04\/IMG_1500.jpg\"><img loading=\"lazy\" src=\"http:\/\/fundacjaoda.pl\/wp-content\/uploads\/2019\/04\/IMG_1500.jpg\" alt=\"IMG_1500\" width=\"20%\" height=\"20%\" class=\"alignleft size-full wp-image-17240\" srcset=\"http:\/\/fundacjaoda.pl\/wp-content\/uploads\/2019\/04\/IMG_1500.jpg 900w, http:\/\/fundacjaoda.pl\/wp-content\/uploads\/2019\/04\/IMG_1500-150x100.jpg 150w\" sizes=\"(max-width: 900px) 100vw, 900px\" \/><\/a>&#8222;Przedszkolak w muzeum&#8221; to nowy edukacyjny projekt Fundacji ODA skierowany do dzieci. Wo\u0142omi\u0144skie przedszkola doceniaj\u0105 konieczno\u015b\u0107 edukacji muzealnej w\u015br\u00f3d najm\u0142odszych. Spotkania prowadzi Monika Muczy\u0144ska-Rzempo\u0142uch \u0142\u0105cz\u0105c w autorskim programie opowie\u015bci historyczne o&nbsp;rodzinie Wodiczk\u00f3w, z zabaw\u0105, zaj\u0119ciami plastyczne i muzycznymi. Podczas wizyty dzieci uczestnicz\u0105 w&nbsp;konkursach z nagrodami, maluj\u0105 i graj\u0105 na instrumentach muzycznych. Podczas zabawy poznaj\u0105 muzeum i zdobywaj\u0105 wiadomo\u015bci o rodzinie Wodiczk\u00f3w. Po zako\u0144czonej \u201elekcji muzealnej\u201d przygotowany jest s\u0142odki pocz\u0119stunek.<\/p>\n<p>Spotkania s\u0105 bezp\u0142atne, wymagaj\u0105 jednak wcze\u015bniejszego um\u00f3wienia. Zapraszamy serdecznie. Wst\u0119p wolny. <strong><a href=\"http:\/\/fundacjaoda.pl\/?page_id=15695\" title=\"Zabierz przedszkolaka do muzeum\">Galeria<\/a><\/strong><\/p>\n<p>Spotkania s\u0105 realizowane s\u0105 w ramach projektu <em>\u201eNiestandardowe dzia\u0142ania maj\u0105ce na celu upami\u0119tnianie \u015bwi\u0105t narodowych, postaci <img loading=\"lazy\" src=\"http:\/\/fundacjaoda.pl\/wp-content\/uploads\/2016\/09\/Logo-Starosty_sepia-na-dole.jpg\" alt=\"logo-starosty_sepia-na-dole\" style=\"margin-left: 10px;\" width=\"5%\" height=\"5%\" class=\"alignnone size-full wp-image-9057\" align=\"right\" srcset=\"http:\/\/fundacjaoda.pl\/wp-content\/uploads\/2016\/09\/Logo-Starosty_sepia-na-dole.jpg 204w, http:\/\/fundacjaoda.pl\/wp-content\/uploads\/2016\/09\/Logo-Starosty_sepia-na-dole-123x150.jpg 123w\" sizes=\"(max-width: 204px) 100vw, 204px\" \/>historycznych, szczeg\u00f3lnie zwi\u0105zanych z ziemiami powiatu wo\u0142omi\u0144skiego\u201d<\/em> dofinansowane przez Powiat Wo\u0142omi\u0144ski na podstawie umowy nr 75.2019 z dnia 1 marca 2019 roku.<\/p>\n","protected":false},"excerpt":{"rendered":"<p>&#8222;Przedszkolak w muzeum&#8221; to nowy edukacyjny projekt Fundacji ODA skierowany do dzieci. Wo\u0142omi\u0144skie przedszkola doceniaj\u0105 konieczno\u015b\u0107 edukacji muzealnej w\u015br\u00f3d najm\u0142odszych. Spotkania prowadzi Monika Muczy\u0144ska-Rzempo\u0142uch \u0142\u0105cz\u0105c w autorskim programie opowie\u015bci historyczne o&nbsp;rodzinie Wodiczk\u00f3w, z zabaw\u0105, zaj\u0119ciami plastyczne i muzycznymi. Podczas wizyty dzieci uczestnicz\u0105 w&nbsp;konkursach z nagrodami, maluj\u0105 i graj\u0105 na instrumentach \u2026 <a href=\"http:\/\/fundacjaoda.pl\/?p=18009\"> Continue reading <span class=\"meta-nav\">&rarr; <\/span><\/a><\/p>\n","protected":false},"author":1,"featured_media":0,"comment_status":"closed","ping_status":"closed","sticky":false,"template":"","format":"standard","meta":[],"categories":[24,20,27],"tags":[],"_links":{"self":[{"href":"http:\/\/fundacjaoda.pl\/index.php?rest_route=\/wp\/v2\/posts\/18009"}],"collection":[{"href":"http:\/\/fundacjaoda.pl\/index.php?rest_route=\/wp\/v2\/posts"}],"about":[{"href":"http:\/\/fundacjaoda.pl\/index.php?rest_route=\/wp\/v2\/types\/post"}],"author":[{"embeddable":true,"href":"http:\/\/fundacjaoda.pl\/index.php?rest_route=\/wp\/v2\/users\/1"}],"replies":[{"embeddable":true,"href":"http:\/\/fundacjaoda.pl\/index.php?rest_route=%2Fwp%2Fv2%2Fcomments&post=18009"}],"version-history":[{"count":12,"href":"http:\/\/fundacjaoda.pl\/index.php?rest_route=\/wp\/v2\/posts\/18009\/revisions"}],"predecessor-version":[{"id":18143,"href":"http:\/\/fundacjaoda.pl\/index.php?rest_route=\/wp\/v2\/posts\/18009\/revisions\/18143"}],"wp:attachment":[{"href":"http:\/\/fundacjaoda.pl\/index.php?rest_route=%2Fwp%2Fv2%2Fmedia&parent=18009"}],"wp:term":[{"taxonomy":"category","embeddable":true,"href":"http:\/\/fundacjaoda.pl\/index.php?rest_route=%2Fwp%2Fv2%2Fcategories&post=18009"},{"taxonomy":"post_tag","embeddable":true,"href":"http:\/\/fundacjaoda.pl\/index.php?rest_route=%2Fwp%2Fv2%2Ftags&post=18009"}],"curies":[{"name":"wp","href":"https:\/\/api.w.org\/{rel}","templated":true}]}}