{"id":15237,"date":"2018-10-12T18:46:45","date_gmt":"2018-10-12T16:46:45","guid":{"rendered":"http:\/\/fundacjaoda.pl\/?p=15237"},"modified":"2019-04-04T11:54:37","modified_gmt":"2019-04-04T09:54:37","slug":"podroze-wolominiakow-korea-poludniowa-kraj-nieznany","status":"publish","type":"post","link":"http:\/\/fundacjaoda.pl\/?p=15237","title":{"rendered":"Podr\u00f3\u017ce Wo\u0142ominiak\u00f3w &#8211; Korea Po\u0142udniowa &#8211; kraj nieznany?"},"content":{"rendered":"<p><a href=\"http:\/\/fundacjaoda.pl\/wp-content\/uploads\/2018\/10\/Edward-Sielicki_maly.jpg\"><img loading=\"lazy\" src=\"http:\/\/fundacjaoda.pl\/wp-content\/uploads\/2018\/10\/Edward-Sielicki_maly.jpg\" style=\"margin-right: 10px;\" alt=\"Edward Sielicki_maly\" width=\"25%\" height=\"25%\" class=\"alignnone size-full wp-image-15242\" align=\"left\" srcset=\"http:\/\/fundacjaoda.pl\/wp-content\/uploads\/2018\/10\/Edward-Sielicki_maly.jpg 900w, http:\/\/fundacjaoda.pl\/wp-content\/uploads\/2018\/10\/Edward-Sielicki_maly-150x84.jpg 150w\" sizes=\"(max-width: 900px) 100vw, 900px\" \/><\/a>W sobot\u0119 20 pa\u017adziernika w Izbie Muzealnej Wodiczk\u00f3w odb\u0119dzie si\u0119 spotkanie z cyklu Podr\u00f3\u017ce Wo\u0142ominiak\u00f3w. Go\u015bciem wieczoru b\u0119dzie Edward Sielicki, kompozytor i pedagog, kt\u00f3ry urodzi\u0142 si\u0119 w&nbsp;1956&nbsp;r. w Warszawie, gdzie studiowa\u0142 kompozycj\u0119 w Uniwersytecie Muzycznym im. Fryderyka Chopina. Studia muzyczne kontynuowa\u0142 w Sweelinck Conservatorium w Amsterdamie.<br \/>\nJest pracownikiem naukowo-dydaktycznym ze stopniem naukowym doktora habilitowanego w swojej macierzystej uczelni. Zwi\u0105zany jest tak\u017ce ze \u015brednim szkolnictwem muzycznym. Edward Sielicki jest czynnym kompozytorem, laureatem nagr\u00f3d kompozytorskich, autorem ponad 150 dzie\u0142 muzycznych zamawianych m.in. przez Polskie Radio, Instytut Muzyki i Ta\u0144ca, wykonywany w kraju i&nbsp;za granic\u0105 przez wybitnych muzyk\u00f3w, do kt\u00f3rych mo\u017cna zaliczy\u0107 Jerzego Maksymiuka, Kwartet Wilan\u00f3w, Orkiestr\u0119 \u201eAmadeus\u201d, Filharmoni\u0119 Narodow\u0105 i in. W latach 2001-3, 2005-6, 2010, 2013 oraz 2016-18 by\u0142 profesorem wizytuj\u0105cym w&nbsp;Uniwersytecie Keimyung w Daegu w Korei Po\u0142udniowej prowadz\u0105c klas\u0119 kompozycji.<br \/>\nNa spotkaniu zatytu\u0142owanym \u201eKorea Po\u0142udniowa \u2013 kraj nieznany?\u201d Edward Sielicki przybli\u017cy nam ten azjatycki kraj le\u017c\u0105cy na P\u00f3\u0142wyspie Korea\u0144skim przedstawiaj\u0105c jego klimat, przyrod\u0119, ludzi, j\u0119zyk, zwyczaje, religie, miasta, g\u00f3ry, morza, porty, pla\u017ce i architektur\u0119 (\u015bwi\u0105tynie buddyjskie, ich lokalizacj\u0119 i typy). Poruszy zagadnienia dotycz\u0105ce wykszta\u0142cenie, rodziny, statusu spo\u0142ecznego, \u017cycia codziennego, a tak\u017ce komunikacji, kuchni (restauracje, kawiarnie, bazary), elektroniki (komputery, smartfony) oraz kultury (muzyka, film).<\/p>\n<p>Serdecznie zapraszamy w sobot\u0119 20 pa\u017adziernika o godzinie 18:00. Wst\u0119p wolny.<strong><a href=\"http:\/\/fundacjaoda.pl\/?page_id=70\" title=\"Podr\u00f3\u017ce Wo\u0142ominiak\u00f3w\">Relacja<\/a><\/strong><\/p>\n<p>Wydarzenie jest realizowane w ramach projektu <img loading=\"lazy\" src=\"http:\/\/fundacjaoda.pl\/wp-content\/uploads\/2016\/10\/Wolomin_sepia-na-dole.jpg\" alt=\"wolomin_sepia-na-dole\" style=\"margin-left: 10px;\" width=\"5%\" height=\"5%\" class=\"alignnone size-full wp-image-9053\" align=\"right\"\/>&#8222;Prowadzenie dzia\u0142a\u0144 wspieraj\u0105cych edukacj\u0119 kulturaln\u0105 oraz popularyzacj\u0119 dziedzictwa historycznego Wo\u0142omina\u201d finansowanego przez Gmin\u0119 Wo\u0142omin. <\/p>\n<p><em>Dodano 12.10.2018 r.<\/em><\/p>\n","protected":false},"excerpt":{"rendered":"<p>W sobot\u0119 20 pa\u017adziernika w Izbie Muzealnej Wodiczk\u00f3w odb\u0119dzie si\u0119 spotkanie z cyklu Podr\u00f3\u017ce Wo\u0142ominiak\u00f3w. Go\u015bciem wieczoru b\u0119dzie Edward Sielicki, kompozytor i pedagog, kt\u00f3ry urodzi\u0142 si\u0119 w&nbsp;1956&nbsp;r. w Warszawie, gdzie studiowa\u0142 kompozycj\u0119 w Uniwersytecie Muzycznym im. Fryderyka Chopina. Studia muzyczne kontynuowa\u0142 w Sweelinck Conservatorium w Amsterdamie. Jest pracownikiem naukowo-dydaktycznym ze \u2026 <a href=\"http:\/\/fundacjaoda.pl\/?p=15237\"> Continue reading <span class=\"meta-nav\">&rarr; <\/span><\/a><\/p>\n","protected":false},"author":1,"featured_media":0,"comment_status":"closed","ping_status":"closed","sticky":false,"template":"","format":"standard","meta":[],"categories":[6,17,22],"tags":[],"_links":{"self":[{"href":"http:\/\/fundacjaoda.pl\/index.php?rest_route=\/wp\/v2\/posts\/15237"}],"collection":[{"href":"http:\/\/fundacjaoda.pl\/index.php?rest_route=\/wp\/v2\/posts"}],"about":[{"href":"http:\/\/fundacjaoda.pl\/index.php?rest_route=\/wp\/v2\/types\/post"}],"author":[{"embeddable":true,"href":"http:\/\/fundacjaoda.pl\/index.php?rest_route=\/wp\/v2\/users\/1"}],"replies":[{"embeddable":true,"href":"http:\/\/fundacjaoda.pl\/index.php?rest_route=%2Fwp%2Fv2%2Fcomments&post=15237"}],"version-history":[{"count":10,"href":"http:\/\/fundacjaoda.pl\/index.php?rest_route=\/wp\/v2\/posts\/15237\/revisions"}],"predecessor-version":[{"id":17180,"href":"http:\/\/fundacjaoda.pl\/index.php?rest_route=\/wp\/v2\/posts\/15237\/revisions\/17180"}],"wp:attachment":[{"href":"http:\/\/fundacjaoda.pl\/index.php?rest_route=%2Fwp%2Fv2%2Fmedia&parent=15237"}],"wp:term":[{"taxonomy":"category","embeddable":true,"href":"http:\/\/fundacjaoda.pl\/index.php?rest_route=%2Fwp%2Fv2%2Fcategories&post=15237"},{"taxonomy":"post_tag","embeddable":true,"href":"http:\/\/fundacjaoda.pl\/index.php?rest_route=%2Fwp%2Fv2%2Ftags&post=15237"}],"curies":[{"name":"wp","href":"https:\/\/api.w.org\/{rel}","templated":true}]}}