{"id":14418,"date":"2018-04-03T16:48:12","date_gmt":"2018-04-03T14:48:12","guid":{"rendered":"http:\/\/fundacjaoda.pl\/?p=14418"},"modified":"2018-04-07T19:49:58","modified_gmt":"2018-04-07T17:49:58","slug":"kenia-roboczo","status":"publish","type":"post","link":"http:\/\/fundacjaoda.pl\/?p=14418","title":{"rendered":"Podr\u00f3\u017ce Wo\u0142ominiak\u00f3w &#8211; \u017bycie przeci\u0119tnej rodziny w Afryce subsaharyjskiej"},"content":{"rendered":"<p><a href=\"http:\/\/fundacjaoda.pl\/wp-content\/uploads\/2018\/04\/Ksiadz-Pawel.jpg\"><img loading=\"lazy\" src=\"http:\/\/fundacjaoda.pl\/wp-content\/uploads\/2018\/04\/Ksiadz-Pawel.jpg\" alt=\"Ksiadz Pawel\" style=\"margin-right: 10px;\" width=\"25%\" height=\"25%\" class=\"alignnone size-full wp-image-14504\" align=\"left\" srcset=\"http:\/\/fundacjaoda.pl\/wp-content\/uploads\/2018\/04\/Ksiadz-Pawel.jpg 641w, http:\/\/fundacjaoda.pl\/wp-content\/uploads\/2018\/04\/Ksiadz-Pawel-150x112.jpg 150w\" sizes=\"(max-width: 641px) 100vw, 641px\" \/><\/a>W sobot\u0119 14 kwietnia w izbie Muzealnej Wodiczk\u00f3w odb\u0119dzie si\u0119 kolejne spotkanie z cyklu &#8222;Podr\u00f3\u017ce Wo\u0142ominiak\u00f3w&#8221;. Bohaterem tego spotkania b\u0119dzie ksi\u0105dz Pawe\u0142 \u017belichowski. Ksi\u0105dz Pawe\u0142 to orionista, mgr teologii KUL, uko\u0144czy\u0142 studia specjalistyczne z misjologii na UKSW. Zosta\u0142 wy\u015bwi\u0119cony na kap\u0142ana w&nbsp;roku 2010, obecnie jest wikariuszem w Parafii \u015aw. J\u00f3zefa Robotnika w Wo\u0142ominie. Jest r\u00f3wnie\u017c katechet\u0105 w Zespole Szk\u00f3\u0142 Ekonomicznych w Wo\u0142ominie. W kr\u0119gu zainteresowa\u0144 ksi\u0119dza Paw\u0142a znajduj\u0105 si\u0119 j\u0119zyki i&nbsp;kultura lud\u00f3w afryka\u0144skich i ameryka\u0144skich, a tak\u017ce religie \u015bwiata, szczeg\u00f3lnie islam, nowo\u017cytne j\u0119zyki obce, geografia oraz misje Ko\u015bcio\u0142a. Na spotkaniu w Izbie ksi\u0105dz Pawe\u0142 przybli\u017cy zebranym \u017cycie przeci\u0119tnej rodziny w Afryce subsaharyjskiej. <\/p>\n<p><strong>Serdecznie zapraszamy w sobot\u0119 14 kwietnia o godzinie 18:00. Wst\u0119p wolny.<\/strong><\/p>\n<p><em>Dodano 03.04.2017 r.<\/em><\/p>\n","protected":false},"excerpt":{"rendered":"<p>W sobot\u0119 14 kwietnia w izbie Muzealnej Wodiczk\u00f3w odb\u0119dzie si\u0119 kolejne spotkanie z cyklu &#8222;Podr\u00f3\u017ce Wo\u0142ominiak\u00f3w&#8221;. Bohaterem tego spotkania b\u0119dzie ksi\u0105dz Pawe\u0142 \u017belichowski. Ksi\u0105dz Pawe\u0142 to orionista, mgr teologii KUL, uko\u0144czy\u0142 studia specjalistyczne z misjologii na UKSW. Zosta\u0142 wy\u015bwi\u0119cony na kap\u0142ana w&nbsp;roku 2010, obecnie jest wikariuszem w Parafii \u015aw. J\u00f3zefa \u2026 <a href=\"http:\/\/fundacjaoda.pl\/?p=14418\"> Continue reading <span class=\"meta-nav\">&rarr; <\/span><\/a><\/p>\n","protected":false},"author":1,"featured_media":0,"comment_status":"closed","ping_status":"closed","sticky":false,"template":"","format":"standard","meta":[],"categories":[6],"tags":[],"_links":{"self":[{"href":"http:\/\/fundacjaoda.pl\/index.php?rest_route=\/wp\/v2\/posts\/14418"}],"collection":[{"href":"http:\/\/fundacjaoda.pl\/index.php?rest_route=\/wp\/v2\/posts"}],"about":[{"href":"http:\/\/fundacjaoda.pl\/index.php?rest_route=\/wp\/v2\/types\/post"}],"author":[{"embeddable":true,"href":"http:\/\/fundacjaoda.pl\/index.php?rest_route=\/wp\/v2\/users\/1"}],"replies":[{"embeddable":true,"href":"http:\/\/fundacjaoda.pl\/index.php?rest_route=%2Fwp%2Fv2%2Fcomments&post=14418"}],"version-history":[{"count":9,"href":"http:\/\/fundacjaoda.pl\/index.php?rest_route=\/wp\/v2\/posts\/14418\/revisions"}],"predecessor-version":[{"id":14513,"href":"http:\/\/fundacjaoda.pl\/index.php?rest_route=\/wp\/v2\/posts\/14418\/revisions\/14513"}],"wp:attachment":[{"href":"http:\/\/fundacjaoda.pl\/index.php?rest_route=%2Fwp%2Fv2%2Fmedia&parent=14418"}],"wp:term":[{"taxonomy":"category","embeddable":true,"href":"http:\/\/fundacjaoda.pl\/index.php?rest_route=%2Fwp%2Fv2%2Fcategories&post=14418"},{"taxonomy":"post_tag","embeddable":true,"href":"http:\/\/fundacjaoda.pl\/index.php?rest_route=%2Fwp%2Fv2%2Ftags&post=14418"}],"curies":[{"name":"wp","href":"https:\/\/api.w.org\/{rel}","templated":true}]}}