{"id":14404,"date":"2018-03-13T17:15:29","date_gmt":"2018-03-13T16:15:29","guid":{"rendered":"http:\/\/fundacjaoda.pl\/?p=14404"},"modified":"2018-04-03T21:23:39","modified_gmt":"2018-04-03T19:23:39","slug":"o-sztuce-troche-inaczej","status":"publish","type":"post","link":"http:\/\/fundacjaoda.pl\/?p=14404","title":{"rendered":"O sztuce troch\u0119 inaczej"},"content":{"rendered":"<p><a href=\"http:\/\/fundacjaoda.pl\/wp-content\/uploads\/2018\/03\/IMG_1021.jpg\"><img loading=\"lazy\" src=\"http:\/\/fundacjaoda.pl\/wp-content\/uploads\/2018\/03\/IMG_1021-751x1000.jpg\" alt=\"IMG_1021\" style=\"margin-right: 10px;\" width=\"25%\" height=\"25%\" class=\"alignnone size-medium wp-image-14405\" align=\"left\" srcset=\"http:\/\/fundacjaoda.pl\/wp-content\/uploads\/2018\/03\/IMG_1021-751x1000.jpg 751w, http:\/\/fundacjaoda.pl\/wp-content\/uploads\/2018\/03\/IMG_1021-769x1024.jpg 769w, http:\/\/fundacjaoda.pl\/wp-content\/uploads\/2018\/03\/IMG_1021-112x150.jpg 112w, http:\/\/fundacjaoda.pl\/wp-content\/uploads\/2018\/03\/IMG_1021.jpg 1202w\" sizes=\"(max-width: 751px) 100vw, 751px\" \/><\/a>W najbli\u017cszy pi\u0105tek 16 marca w Izbie Muzealnej Wodiczk\u00f3w odb\u0119dzie si\u0119 spotkanie z Andrzejem Kalet\u0105, absolwentem warszawskiej ASP wydzia\u0142u konserwacji malarstwa i rze\u017aby polichromowanej. Przez kilka lat Andrzej pracowa\u0142 na Zamku Kr\u00f3lewskim w Warszawie w pracowni konserwacji malarstwa. Obecnie prowadzi prywatn\u0105 dzia\u0142alno\u015b\u0107 z zakresu aran\u017cacji i projektowania wn\u0119trz. Ostatnio zaanga\u017cowa\u0142 si\u0119 w&nbsp;zmian\u0119 wizerunku naszego miasta projektuj\u0105c i realizuj\u0105c renowacj\u0119 elewacji kamienic po\u0142o\u017conych w&nbsp;centrum Wo\u0142omina &#8211; kamienica przy ul. Legion\u00f3w, budynek Cechu przy ul. Moniuszki, kamienice przy Placu 3-go Maja.<br \/>\n&#8222;<em>Ca\u0142e swoje \u017cycie poruszam si\u0119 w kr\u0119gu sztuki i ca\u0142e \u017cycie jej poszukuj\u0119. Po wielu latach znalaz\u0142em w\u0142asny spos\u00f3b na wyra\u017canie poprzez sztuk\u0119 swojego powo\u0142ania. Ale nie tylko. Sztuka nie rodzi si\u0119 sama i nie tam, gdzie by\u015bmy si\u0119 tego spodziewali, a jej tajemnica czasem ukryta jest przed tw\u00f3rc\u0105. Dzieje si\u0119 tak, poniewa\u017c dost\u0119pu do prawdy, kt\u00f3r\u0105 zawiera, broni kurtyna. Sk\u0105d si\u0119 wzi\u0119\u0142a? Dlaczego tak trudno nam j\u0105 ods\u0142oni\u0107? Co oznaczaj\u0105 jej s\u0142ynne symbole? Dlaczego tak \u015bci\u015ble splata si\u0119 z krwioobiegiem naszych codziennych zdarze\u0144? Dlaczego, pomimo swojej materialno\u015bci, zasiada obok naszych sn\u00f3w, wp\u0142ywa na wra\u017cliwo\u015b\u0107 i szepcze o tym, co niedotykalne? Po co to wszystko? Czy nie wystarczy\u0142aby mechanika kwantowa, twarda materia i post\u0119p techniczny cywilizacji? Moim zdaniem NIE!<\/em>&#8221; &#8211; ta wypowied\u017a Andrzeja Kalety to tylko zapowied\u017a temat\u00f3w, kt\u00f3re poruszy na tym i kolejnych spotkaniach w Izbie.<\/p>\n<p>Serdecznie zapraszamy w pi\u0105tek, 16 marca 2018 r. o godzinie 19:00. Wst\u0119p wolny. <strong><a href=\"http:\/\/fundacjaoda.pl\/?page_id=14481\" title=\"Inne\">Relacja<\/a><\/strong>.<br \/>\n<em><br \/>\nDodano 13.03.2018 r.<\/em><\/p>\n","protected":false},"excerpt":{"rendered":"<p>W najbli\u017cszy pi\u0105tek 16 marca w Izbie Muzealnej Wodiczk\u00f3w odb\u0119dzie si\u0119 spotkanie z Andrzejem Kalet\u0105, absolwentem warszawskiej ASP wydzia\u0142u konserwacji malarstwa i rze\u017aby polichromowanej. Przez kilka lat Andrzej pracowa\u0142 na Zamku Kr\u00f3lewskim w Warszawie w pracowni konserwacji malarstwa. Obecnie prowadzi prywatn\u0105 dzia\u0142alno\u015b\u0107 z zakresu aran\u017cacji i projektowania wn\u0119trz. Ostatnio zaanga\u017cowa\u0142 \u2026 <a href=\"http:\/\/fundacjaoda.pl\/?p=14404\"> Continue reading <span class=\"meta-nav\">&rarr; <\/span><\/a><\/p>\n","protected":false},"author":1,"featured_media":0,"comment_status":"closed","ping_status":"closed","sticky":false,"template":"","format":"standard","meta":[],"categories":[1,26],"tags":[],"_links":{"self":[{"href":"http:\/\/fundacjaoda.pl\/index.php?rest_route=\/wp\/v2\/posts\/14404"}],"collection":[{"href":"http:\/\/fundacjaoda.pl\/index.php?rest_route=\/wp\/v2\/posts"}],"about":[{"href":"http:\/\/fundacjaoda.pl\/index.php?rest_route=\/wp\/v2\/types\/post"}],"author":[{"embeddable":true,"href":"http:\/\/fundacjaoda.pl\/index.php?rest_route=\/wp\/v2\/users\/1"}],"replies":[{"embeddable":true,"href":"http:\/\/fundacjaoda.pl\/index.php?rest_route=%2Fwp%2Fv2%2Fcomments&post=14404"}],"version-history":[{"count":5,"href":"http:\/\/fundacjaoda.pl\/index.php?rest_route=\/wp\/v2\/posts\/14404\/revisions"}],"predecessor-version":[{"id":14484,"href":"http:\/\/fundacjaoda.pl\/index.php?rest_route=\/wp\/v2\/posts\/14404\/revisions\/14484"}],"wp:attachment":[{"href":"http:\/\/fundacjaoda.pl\/index.php?rest_route=%2Fwp%2Fv2%2Fmedia&parent=14404"}],"wp:term":[{"taxonomy":"category","embeddable":true,"href":"http:\/\/fundacjaoda.pl\/index.php?rest_route=%2Fwp%2Fv2%2Fcategories&post=14404"},{"taxonomy":"post_tag","embeddable":true,"href":"http:\/\/fundacjaoda.pl\/index.php?rest_route=%2Fwp%2Fv2%2Ftags&post=14404"}],"curies":[{"name":"wp","href":"https:\/\/api.w.org\/{rel}","templated":true}]}}