{"id":11064,"date":"2017-05-04T11:42:04","date_gmt":"2017-05-04T09:42:04","guid":{"rendered":"http:\/\/fundacjaoda.pl\/?p=11064"},"modified":"2017-11-02T09:24:18","modified_gmt":"2017-11-02T08:24:18","slug":"warsztaty-fotograficzne","status":"publish","type":"post","link":"http:\/\/fundacjaoda.pl\/?p=11064","title":{"rendered":"Warsztaty fotograficzne"},"content":{"rendered":"<p><a href=\"http:\/\/fundacjaoda.pl\/wp-content\/uploads\/2016\/11\/20161111_185722.jpg\"><img loading=\"lazy\" src=\"http:\/\/fundacjaoda.pl\/wp-content\/uploads\/2016\/11\/20161111_185722.jpg\" style=\"margin-right: 10px;\"  alt=\"20161111_185722\" width=\"20%\" height=\"20%\" class=\"alignnone size-full wp-image-10482\" align=\"left\" srcset=\"http:\/\/fundacjaoda.pl\/wp-content\/uploads\/2016\/11\/20161111_185722.jpg 506w, http:\/\/fundacjaoda.pl\/wp-content\/uploads\/2016\/11\/20161111_185722-84x150.jpg 84w\" sizes=\"(max-width: 506px) 100vw, 506px\" \/><\/a>Serdecznie zapraszamy w sobot\u0119 06.05. 2017 r. o godzinie 10:00 do udzia\u0142u w warsztatach fotograficznych. Mile widziany w\u0142asny sprz\u0119t fotograficzny. Udzia\u0142 w zaj\u0119ciach jest bezp\u0142atny, jednak z uwagi na ograniczon\u0105 liczb\u0119 miejsc konieczne jest telefoniczne potwierdzenie swojej obecno\u015bci &#8211; tel. 601 281 581.<\/p>\n<p>Warsztaty poprowadzi pani <strong>Katarzyna Humi\u0144ska<\/strong>, kt\u00f3ra fotografi\u0105 zajmuje si\u0119 od lat osiemdziesi\u0105tych. Zawodu fotografa uczy\u0142a si\u0119 w zak\u0142adzie Janiny Nasierowskiej oraz s\u0142ynnej portrecistki Zofii Nasierowskiej. Pracowa\u0142a w&nbsp;Pracowni Podstaw Projektowania Graficznego na Akademii Sztuk Pi\u0119knych w Warszawie, gdzie prowadzi\u0142a \u0107wiczenia praktyczne ze studentami. Zdj\u0119cia pani Katarzyny Wo\u0142ominianie mogli ogl\u0105da\u0107 na licznych wystawach &#8211; ciekaw\u0105 wystaw\u0105 by\u0142o pokazanie fotografii starych, degraduj\u0105cych nagrobk\u00f3w w powiatowej Galerii \u201cKorozja i&nbsp;Kolor\u201d. Swoimi pracami stale dokumentuje historyczne miejsca znajduj\u0105ce si\u0119 na terenie Wo\u0142omina i&nbsp;w&nbsp;jego okolicach. <strong><a href=\"http:\/\/fundacjaoda.pl\/?page_id=56 #fotogra_2017\">Relacja<\/a><\/strong><\/p>\n<p><a href=\"http:\/\/fundacjaoda.pl\/wp-content\/uploads\/2016\/10\/Wolomin_sepia-na-dole.jpg\"><img loading=\"lazy\" src=\"http:\/\/fundacjaoda.pl\/wp-content\/uploads\/2016\/10\/Wolomin_sepia-na-dole.jpg\" alt=\"wolomin_sepia-na-dole\" style=\"margin-left: 10px;\" width=\"5%\" height=\"5%\" class=\"alignnone size-full wp-image-9053\" align=\"right\"\/><\/a>Spotkanie jest realizowane w ramach projektu &#8222;Prowadzenie dzia\u0142a\u0144 wspieraj\u0105cych edukacj\u0119 kulturaln\u0105 oraz popularyzacj\u0119 dziedzictwa historycznego Wo\u0142omina\u201d finansowanego przez Gmin\u0119 Wo\u0142omin.<\/p>\n<p><em><br \/>\nDodano 04.05.2017 r.<br \/>\n<\/em><\/p>\n","protected":false},"excerpt":{"rendered":"<p>Serdecznie zapraszamy w sobot\u0119 06.05. 2017 r. o godzinie 10:00 do udzia\u0142u w warsztatach fotograficznych. Mile widziany w\u0142asny sprz\u0119t fotograficzny. Udzia\u0142 w zaj\u0119ciach jest bezp\u0142atny, jednak z uwagi na ograniczon\u0105 liczb\u0119 miejsc konieczne jest telefoniczne potwierdzenie swojej obecno\u015bci &#8211; tel. 601 281 581. Warsztaty poprowadzi pani Katarzyna Humi\u0144ska, kt\u00f3ra fotografi\u0105 \u2026 <a href=\"http:\/\/fundacjaoda.pl\/?p=11064\"> Continue reading <span class=\"meta-nav\">&rarr; <\/span><\/a><\/p>\n","protected":false},"author":1,"featured_media":0,"comment_status":"closed","ping_status":"closed","sticky":false,"template":"","format":"standard","meta":[],"categories":[22,20,7,5],"tags":[],"_links":{"self":[{"href":"http:\/\/fundacjaoda.pl\/index.php?rest_route=\/wp\/v2\/posts\/11064"}],"collection":[{"href":"http:\/\/fundacjaoda.pl\/index.php?rest_route=\/wp\/v2\/posts"}],"about":[{"href":"http:\/\/fundacjaoda.pl\/index.php?rest_route=\/wp\/v2\/types\/post"}],"author":[{"embeddable":true,"href":"http:\/\/fundacjaoda.pl\/index.php?rest_route=\/wp\/v2\/users\/1"}],"replies":[{"embeddable":true,"href":"http:\/\/fundacjaoda.pl\/index.php?rest_route=%2Fwp%2Fv2%2Fcomments&post=11064"}],"version-history":[{"count":19,"href":"http:\/\/fundacjaoda.pl\/index.php?rest_route=\/wp\/v2\/posts\/11064\/revisions"}],"predecessor-version":[{"id":12531,"href":"http:\/\/fundacjaoda.pl\/index.php?rest_route=\/wp\/v2\/posts\/11064\/revisions\/12531"}],"wp:attachment":[{"href":"http:\/\/fundacjaoda.pl\/index.php?rest_route=%2Fwp%2Fv2%2Fmedia&parent=11064"}],"wp:term":[{"taxonomy":"category","embeddable":true,"href":"http:\/\/fundacjaoda.pl\/index.php?rest_route=%2Fwp%2Fv2%2Fcategories&post=11064"},{"taxonomy":"post_tag","embeddable":true,"href":"http:\/\/fundacjaoda.pl\/index.php?rest_route=%2Fwp%2Fv2%2Ftags&post=11064"}],"curies":[{"name":"wp","href":"https:\/\/api.w.org\/{rel}","templated":true}]}}