{"id":10461,"date":"2017-03-06T16:50:04","date_gmt":"2017-03-06T15:50:04","guid":{"rendered":"http:\/\/fundacjaoda.pl\/?p=10461"},"modified":"2017-11-01T10:16:42","modified_gmt":"2017-11-01T09:16:42","slug":"sniadanie-mistrzow-u-wodiczkow-12-03-2017-r","status":"publish","type":"post","link":"http:\/\/fundacjaoda.pl\/?p=10461","title":{"rendered":"\u015aniadanie Mistrz\u00f3w u Wodiczk\u00f3w"},"content":{"rendered":"<p><a href=\"http:\/\/fundacjaoda.pl\/wp-content\/uploads\/2017\/03\/sm1.jpg\"><img loading=\"lazy\" src=\"http:\/\/fundacjaoda.pl\/wp-content\/uploads\/2017\/03\/sm1.jpg\" style=\"margin-right: 10px;\" alt=\"sm1\" width=\"25%\" height=\"25%\" class=\"alignnone size-full wp-image-10462\" align=\"left\" srcset=\"http:\/\/fundacjaoda.pl\/wp-content\/uploads\/2017\/03\/sm1.jpg 960w, http:\/\/fundacjaoda.pl\/wp-content\/uploads\/2017\/03\/sm1-150x84.jpg 150w\" sizes=\"(max-width: 960px) 100vw, 960px\" \/><\/a>\u015aniadania Mistrz\u00f3w s\u0105 organizowane od kilku lat. Spotkania te odbywaj\u0105 si\u0119 zazwyczaj co dwa-trzy tygodnie na \u0142onie natury w Wo\u0142ominie i jego okolicach. Zim\u0105 odbywaj\u0105 si\u0119 rzadziej, bo tylko raz w miesi\u0105cu i s\u0105 organizowane pod dachem &#8211; m.in. w Muzeum Na\u0142kowskich i w Fabryczce. W ramach \u015aniada\u0144 organizowane s\u0105 r\u00f3wnie\u017c imprezy wyjazdowe &#8211; do Bia\u0142owie\u017cy, Rezerwatu D\u0119bina, sp\u0142ywy kajakowe i inne. Celem tych \u015aniada\u0144 jest mi\u0142e sp\u0119dzenie czasu, poznanie nowych ludzi i odkrywanie ciekawych historii. Tradycyjnie ju\u017c, w ramach \u015aniada\u0144, obchodzimy 11 listopada Dzie\u0144 Niepodleg\u0142o\u015bci. Na \u015aniadanie Mistrz\u00f3w zapraszamy ka\u017cdego, kto ma na nie ochot\u0119. Wszyscy s\u0105 mile widziani!<br \/>\nPoniewa\u017c obowi\u0105zuje kulinarny temat przewodni \u015aniadania Mistrz\u00f3w &#8211; tego najbli\u017cszego s\u0105 &#8222;Ryby&#8221; &#8211; ka\u017cdy z uczestnik\u00f3w przynosi ze sob\u0105 danie-temat, tym razem z ryb.<br \/>\nSerdecznie zapraszamy w najbli\u017csz\u0105 niedziel\u0119, 12 marca 2017 r., na godzin\u0119 11:00. <strong><a href=\"http:\/\/fundacjaoda.pl\/?page_id=10947\" title=\"Galeria \u2013 \u015aniadanie Mistrz\u00f3w\">Galeria<\/a><\/strong><\/p>\n<p><em>Dodano 06.03.2017 r.<\/em><\/p>\n","protected":false},"excerpt":{"rendered":"<p>\u015aniadania Mistrz\u00f3w s\u0105 organizowane od kilku lat. Spotkania te odbywaj\u0105 si\u0119 zazwyczaj co dwa-trzy tygodnie na \u0142onie natury w Wo\u0142ominie i jego okolicach. Zim\u0105 odbywaj\u0105 si\u0119 rzadziej, bo tylko raz w miesi\u0105cu i s\u0105 organizowane pod dachem &#8211; m.in. w Muzeum Na\u0142kowskich i w Fabryczce. W ramach \u015aniada\u0144 organizowane s\u0105 \u2026 <a href=\"http:\/\/fundacjaoda.pl\/?p=10461\"> Continue reading <span class=\"meta-nav\">&rarr; <\/span><\/a><\/p>\n","protected":false},"author":1,"featured_media":0,"comment_status":"closed","ping_status":"closed","sticky":false,"template":"","format":"standard","meta":[],"categories":[19,5],"tags":[],"_links":{"self":[{"href":"http:\/\/fundacjaoda.pl\/index.php?rest_route=\/wp\/v2\/posts\/10461"}],"collection":[{"href":"http:\/\/fundacjaoda.pl\/index.php?rest_route=\/wp\/v2\/posts"}],"about":[{"href":"http:\/\/fundacjaoda.pl\/index.php?rest_route=\/wp\/v2\/types\/post"}],"author":[{"embeddable":true,"href":"http:\/\/fundacjaoda.pl\/index.php?rest_route=\/wp\/v2\/users\/1"}],"replies":[{"embeddable":true,"href":"http:\/\/fundacjaoda.pl\/index.php?rest_route=%2Fwp%2Fv2%2Fcomments&post=10461"}],"version-history":[{"count":12,"href":"http:\/\/fundacjaoda.pl\/index.php?rest_route=\/wp\/v2\/posts\/10461\/revisions"}],"predecessor-version":[{"id":10949,"href":"http:\/\/fundacjaoda.pl\/index.php?rest_route=\/wp\/v2\/posts\/10461\/revisions\/10949"}],"wp:attachment":[{"href":"http:\/\/fundacjaoda.pl\/index.php?rest_route=%2Fwp%2Fv2%2Fmedia&parent=10461"}],"wp:term":[{"taxonomy":"category","embeddable":true,"href":"http:\/\/fundacjaoda.pl\/index.php?rest_route=%2Fwp%2Fv2%2Fcategories&post=10461"},{"taxonomy":"post_tag","embeddable":true,"href":"http:\/\/fundacjaoda.pl\/index.php?rest_route=%2Fwp%2Fv2%2Ftags&post=10461"}],"curies":[{"name":"wp","href":"https:\/\/api.w.org\/{rel}","templated":true}]}}