{"id":10181,"date":"2016-12-19T18:13:23","date_gmt":"2016-12-19T17:13:23","guid":{"rendered":"http:\/\/fundacjaoda.pl\/?p=10181"},"modified":"2019-04-11T19:12:46","modified_gmt":"2019-04-11T17:12:46","slug":"10181","status":"publish","type":"post","link":"http:\/\/fundacjaoda.pl\/?p=10181","title":{"rendered":"&#8222;Miejska kol\u0119da&#8221; w Wiecz\u00f3r Trzech Kr\u00f3li"},"content":{"rendered":"<p><img loading=\"lazy\" src=\"http:\/\/fundacjaoda.pl\/wp-content\/uploads\/2016\/12\/aniajula.jpg\" style=\"margin-right: 10px;\" alt=\"aniajula\" width=\"25%\" height=\"25%\" class=\"alignnone size-full wp-image-10187\" align=\"left\" srcset=\"http:\/\/fundacjaoda.pl\/wp-content\/uploads\/2016\/12\/aniajula.jpg 750w, http:\/\/fundacjaoda.pl\/wp-content\/uploads\/2016\/12\/aniajula-112x150.jpg 112w\" sizes=\"(max-width: 750px) 100vw, 750px\" \/><a href=\"http:\/\/fundacjaoda.pl\/wp-content\/uploads\/2016\/12\/plakat_miejska_koleda_int_wolomin_v3.jpg\"><img loading=\"lazy\" src=\"http:\/\/fundacjaoda.pl\/wp-content\/uploads\/2016\/12\/plakat_miejska_koleda_int_wolomin_v3.jpg\" style=\"margin-left: 10px;\"  alt=\"plakat_miejska_koleda_int_wolomin_v3\" width=\"25%\" height=\"25%\" class=\"alignnone size-full wp-image-10188\" align=\"right\" srcset=\"http:\/\/fundacjaoda.pl\/wp-content\/uploads\/2016\/12\/plakat_miejska_koleda_int_wolomin_v3.jpg 707w, http:\/\/fundacjaoda.pl\/wp-content\/uploads\/2016\/12\/plakat_miejska_koleda_int_wolomin_v3-106x150.jpg 106w\" sizes=\"(max-width: 707px) 100vw, 707px\" \/><\/a>\u201eMiejska kol\u0119da\u201d to tytu\u0142 mi\u0119dzypokoleniowego wieczoru kol\u0119d i&nbsp;pastora\u0142ek, kt\u00f3ry odb\u0119dzie si\u0119 6 stycznia 2017 r. w Izbie Muzealnej Wodiczk\u00f3w. Jest to zarazem tytu\u0142 utworu <a href=\"http:\/\/fundacjaoda.pl\/?page_id=17343\" title=\"Ryszard Matusiewicz\">Ryszarda Matusiewicza<\/a>, kt\u00f3ry to utw\u00f3r w\u0142a\u015bnie tego dnia b\u0119dzie mia\u0142 swoj\u0105 premier\u0119. Podczas \u015bwi\u0105tecznego, muzycznego spotkania us\u0142yszymy tak\u017ce szereg kol\u0119d, pastora\u0142ek i innych utwor\u00f3w o tematyce \u015bwi\u0105tecznej. Za\u015bpiewaj\u0105 je znane ju\u017c wo\u0142omi\u0144skiej publiczno\u015bci, dwie m\u0142ode, ale utytu\u0142owane wokalistki \u2013 12-letnia <strong>Julia G\u0105siorkiewicz<\/strong> i 9-letnia <strong>Ania G\u0105siorkiewicz<\/strong>. Ich indywidualne wyst\u0119py b\u0119d\u0105 przeplatane wsp\u00f3lnym \u015bpiewaniem tradycyjnych polskich kol\u0119d i pastora\u0142ek przy akompaniamencie <strong>Ryszarda Matusiewicza<\/strong>. M\u0142ode wokalistki do swojego wyst\u0119pu przygotowywa\u0142y si\u0119 pod opiek\u0105 swojej instruktor wokalnej \u2013 Marceliny Wo\u017anej. <a href=\"http:\/\/fundacjaoda.pl\/?page_id=10206\" title=\"\u201eMiejska kol\u0119da\u201d \u2013 mi\u0119dzypokoleniowy wiecz\u00f3r kol\u0119d i pastora\u0142ek\"><strong>Wi\u0119cej&#8230;  <a href=\"http:\/\/fundacjaoda.pl\/?page_id=60\" title=\"Wieczory muzyczne\">Relacja<\/a><\/a> <a href=\"https:\/\/www.youtube.com\/watch?v=aWHCWobRV7E&#038;feature=share\" target=\"_blank\">&nbsp;&nbsp;&nbsp;&nbsp;Skr\u00f3t koncertu<\/a><\/strong><br \/>\nSerdecznie zapraszamy 6 stycznia 2017 r. o godzinie 17:00.<\/p>\n<p><em>Dodano 19.12.2016 r.<\/em><\/p>\n","protected":false},"excerpt":{"rendered":"<p>\u201eMiejska kol\u0119da\u201d to tytu\u0142 mi\u0119dzypokoleniowego wieczoru kol\u0119d i&nbsp;pastora\u0142ek, kt\u00f3ry odb\u0119dzie si\u0119 6 stycznia 2017 r. w Izbie Muzealnej Wodiczk\u00f3w. Jest to zarazem tytu\u0142 utworu Ryszarda Matusiewicza, kt\u00f3ry to utw\u00f3r w\u0142a\u015bnie tego dnia b\u0119dzie mia\u0142 swoj\u0105 premier\u0119. Podczas \u015bwi\u0105tecznego, muzycznego spotkania us\u0142yszymy tak\u017ce szereg kol\u0119d, pastora\u0142ek i innych utwor\u00f3w o tematyce \u2026 <a href=\"http:\/\/fundacjaoda.pl\/?p=10181\"> Continue reading <span class=\"meta-nav\">&rarr; <\/span><\/a><\/p>\n","protected":false},"author":1,"featured_media":0,"comment_status":"closed","ping_status":"closed","sticky":false,"template":"","format":"standard","meta":[],"categories":[8,5],"tags":[],"_links":{"self":[{"href":"http:\/\/fundacjaoda.pl\/index.php?rest_route=\/wp\/v2\/posts\/10181"}],"collection":[{"href":"http:\/\/fundacjaoda.pl\/index.php?rest_route=\/wp\/v2\/posts"}],"about":[{"href":"http:\/\/fundacjaoda.pl\/index.php?rest_route=\/wp\/v2\/types\/post"}],"author":[{"embeddable":true,"href":"http:\/\/fundacjaoda.pl\/index.php?rest_route=\/wp\/v2\/users\/1"}],"replies":[{"embeddable":true,"href":"http:\/\/fundacjaoda.pl\/index.php?rest_route=%2Fwp%2Fv2%2Fcomments&post=10181"}],"version-history":[{"count":16,"href":"http:\/\/fundacjaoda.pl\/index.php?rest_route=\/wp\/v2\/posts\/10181\/revisions"}],"predecessor-version":[{"id":17362,"href":"http:\/\/fundacjaoda.pl\/index.php?rest_route=\/wp\/v2\/posts\/10181\/revisions\/17362"}],"wp:attachment":[{"href":"http:\/\/fundacjaoda.pl\/index.php?rest_route=%2Fwp%2Fv2%2Fmedia&parent=10181"}],"wp:term":[{"taxonomy":"category","embeddable":true,"href":"http:\/\/fundacjaoda.pl\/index.php?rest_route=%2Fwp%2Fv2%2Fcategories&post=10181"},{"taxonomy":"post_tag","embeddable":true,"href":"http:\/\/fundacjaoda.pl\/index.php?rest_route=%2Fwp%2Fv2%2Ftags&post=10181"}],"curies":[{"name":"wp","href":"https:\/\/api.w.org\/{rel}","templated":true}]}}